{"id":61195,"date":"2023-07-08T12:38:17","date_gmt":"2023-07-08T18:38:17","guid":{"rendered":"http:\/\/bambapolitica.com.mx\/?p=61195"},"modified":"2023-07-08T12:38:19","modified_gmt":"2023-07-08T18:38:19","slug":"no-me-preocupa-xochitl-galvez-sheinbaum","status":"publish","type":"post","link":"https:\/\/bambapolitica.com.mx\/index.php\/2023\/07\/08\/no-me-preocupa-xochitl-galvez-sheinbaum\/","title":{"rendered":"No me preocupa X\u00f3chitl G\u00e1lvez: Sheinbaum"},"content":{"rendered":"\n<p>Sabado 8 de julio 2023<\/p>\n\n\n\n<p>La ex jefa de Gobierno asegura que se siente apoyada y cobijada por las personas de\u00a0cada estado que ha recorrido hasta el momento del pa\u00eds, por lo cual no le preocupa la preferencia de la ciudadan\u00eda hacia\u00a0X\u00f3chitl G\u00e1lvez<\/p>\n\n\n\n<p>La ex jefa de Gobierno, Claudia Sheinbaum, afirm\u00f3 que no le preocupa el despunte de X\u00f3chitl G\u00e1lvez en las preferencias de la ciudadan\u00eda, una vez que hizo p\u00fablica su aspiraci\u00f3n presidencial.<\/p>\n\n\n\n<p>De gira por&nbsp;Aguascalientes, se\u00f1al\u00f3 que se siente bien con los recorridos que hace por el pa\u00eds, y confiada porque es &#8220;muy bien recibida en todos lados&#8221;.<\/p>\n\n\n\n<p>&#8220;No [hay preocupaci\u00f3n], ellos representan el pasado. Yo digo que cuando llega la derecha se van los derechos, y los derechos del pueblo de M\u00e9xico ya no se pueden ir&#8221;, dijo.<\/p>\n\n\n\n<p>En cuanto a la transparencia de los gastos en los recorridos, dijo que se hace un reporte semanal a Morena.<\/p>\n\n\n\n<p>Tambi\u00e9n se deslind\u00f3 de los espectaculares que promocionan su imagen, publicitando un libro que a\u00fan no est\u00e1 a la venta, pero afirm\u00f3 que dicho material s\u00ed existe y se dar\u00e1 a conocer el pr\u00f3ximo 17 de julio.<\/p>\n\n\n\n<p>&#8220;<strong>Nos estamos deslindando del espectacular, pero s\u00ed<\/strong>\u00a0<strong>va a salir un libro escrito por Arturo Cano<\/strong>. Creo [que saldr\u00e1 a la venta] el 17 [de julio]. Me entrevistaron, pero entiendo que hicieron entrevistas a distintas personas que me conocen&#8221;, explic\u00f3.<\/p>\n\n\n\n<p><a href=\"https:\/\/www.informador.mx\/mexico\/Claudia-Sheinbaum-No-me-preocupa-Xochitl-Galvez-20230708-0027.html\">https:\/\/www.informador.mx\/mexico\/Claudia-Sheinbaum-No-me-preocupa-Xochitl-Galvez-20230708-0027.html<\/a><\/p>\n","protected":false},"excerpt":{"rendered":"<p>Sabado 8 de julio 2023 La ex jefa de Gobierno asegura que se siente apoyada&#8230;<\/p>\n","protected":false},"author":3,"featured_media":61196,"comment_status":"closed","ping_status":"closed","sticky":false,"template":"","format":"standard","meta":{"footnotes":""},"categories":[4],"tags":[],"class_list":["post-61195","post","type-post","status-publish","format-standard","has-post-thumbnail","hentry","category-noticias-del-dia"],"_links":{"self":[{"href":"https:\/\/bambapolitica.com.mx\/index.php\/wp-json\/wp\/v2\/posts\/61195","targetHints":{"allow":["GET"]}}],"collection":[{"href":"https:\/\/bambapolitica.com.mx\/index.php\/wp-json\/wp\/v2\/posts"}],"about":[{"href":"https:\/\/bambapolitica.com.mx\/index.php\/wp-json\/wp\/v2\/types\/post"}],"author":[{"embeddable":true,"href":"https:\/\/bambapolitica.com.mx\/index.php\/wp-json\/wp\/v2\/users\/3"}],"replies":[{"embeddable":true,"href":"https:\/\/bambapolitica.com.mx\/index.php\/wp-json\/wp\/v2\/comments?post=61195"}],"version-history":[{"count":1,"href":"https:\/\/bambapolitica.com.mx\/index.php\/wp-json\/wp\/v2\/posts\/61195\/revisions"}],"predecessor-version":[{"id":61197,"href":"https:\/\/bambapolitica.com.mx\/index.php\/wp-json\/wp\/v2\/posts\/61195\/revisions\/61197"}],"wp:featuredmedia":[{"embeddable":true,"href":"https:\/\/bambapolitica.com.mx\/index.php\/wp-json\/wp\/v2\/media\/61196"}],"wp:attachment":[{"href":"https:\/\/bambapolitica.com.mx\/index.php\/wp-json\/wp\/v2\/media?parent=61195"}],"wp:term":[{"taxonomy":"category","embeddable":true,"href":"https:\/\/bambapolitica.com.mx\/index.php\/wp-json\/wp\/v2\/categories?post=61195"},{"taxonomy":"post_tag","embeddable":true,"href":"https:\/\/bambapolitica.com.mx\/index.php\/wp-json\/wp\/v2\/tags?post=61195"}],"curies":[{"name":"wp","href":"https:\/\/api.w.org\/{rel}","templated":true}]}}