{"id":61198,"date":"2023-07-08T12:40:54","date_gmt":"2023-07-08T18:40:54","guid":{"rendered":"http:\/\/bambapolitica.com.mx\/?p=61198"},"modified":"2023-07-08T12:40:58","modified_gmt":"2023-07-08T18:40:58","slug":"detienen-a-sujeto-que-enterro-a-su-madre-en-su-casa-en-la-gam-se-sospecha-que-el-mismo-la-mato","status":"publish","type":"post","link":"https:\/\/bambapolitica.com.mx\/index.php\/2023\/07\/08\/detienen-a-sujeto-que-enterro-a-su-madre-en-su-casa-en-la-gam-se-sospecha-que-el-mismo-la-mato\/","title":{"rendered":"Detienen a sujeto que enterr\u00f3 a su madre en su casa, en la GAM; se sospecha que \u00e9l mismo la mat\u00f3"},"content":{"rendered":"\n<p>Sabado 8 de julio 2023<\/p>\n\n\n\n<h3 class=\"wp-block-heading\">Se dio a conocer que al cad\u00e1ver de la adulta mayor se le realizar\u00e1 la necropsia de ley para determinar el motivo del deceso<\/h3>\n\n\n\n<p>Un sujeto fue detenido por elementos de la polic\u00eda capitalina, luego de que&nbsp;<strong>se comprobara que este sepult\u00f3 el cuerpo de su madre en el patio trasero de su casa,<\/strong>&nbsp;en el per\u00edmetro de la colonia Triunfo de la Rep\u00fablica, en la alcald\u00eda Gustavo A. Madero. Se sospecha que \u00e9l mismo la mat\u00f3.<\/p>\n\n\n\n<p>De acuerdo con los primeros reportes, luego de que la hermana del\u00a0<strong>hombre identificado como Jorge &#8220;N&#8221;,\u00a0<\/strong>se hubiera enterado del fallecimiento de la madre de ambos, mediante una pl\u00e1tica que tuvo con este por tel\u00e9fono,<strong>\u00a0ella misma solicit\u00f3 la intervenci\u00f3n de los uniformados.<\/strong><\/p>\n\n\n\n<p>Durante la noche del pasado jueves, polic\u00edas de la Secretar\u00eda de Seguridad Ciudadana de la CdMx, pertenecientes Al sector Quiroga, arribaron al domicilio marcado con el n\u00famero 86 de la calle Industria, casi esquina con Bonifacio L\u00f3pez para indagar sobre lo ocurrido.<\/p>\n\n\n\n<p>El individuo de 47 a\u00f1os de edad,<strong>&nbsp;abri\u00f3 la puerta y explic\u00f3 a los elementos policiacos que su madre se hab\u00eda desvanecido repentinamente.<\/strong>&nbsp;Al notar que ya no respiraba y debido a que \u00e9l no cuenta con los recursos econ\u00f3micos para contratar un servicio funerario, decidi\u00f3 sepultarla.<\/p>\n\n\n\n<p>El se\u00f1alado, mismo que a decir de los uniformados se percib\u00eda intoxicado, al parecer debido al consumo de alguna droga, los condujo hacia una jardinera en donde<strong>&nbsp;yac\u00eda bajo tierra el cuerpo de la abuelita de 79 a\u00f1os de edad, misma que fue identificada como Mar\u00eda del Carmen.<\/strong><\/p>\n\n\n\n<p>De acuerdo con lo relatado por vecinos de la calle en donde fue realizado el macabro hallazgo, la cual se encuentra ubicada a espaldas de la Bas\u00edlica de Guadalupe, Jorge discut\u00eda constantemente con su progenitora cuando esta le reprochaba su adicci\u00f3n a las sustancias il\u00edcitas.<\/p>\n\n\n\n<p>Aunque el hombre captura<strong>do intent\u00f3 convencer a los polic\u00edas de que la muerte de la mujer que lo vio crecer, se deb\u00eda a causas naturales,&nbsp;<\/strong>estos procedieron a subirlo a una patrulla para ponerlo a disposici\u00f3n del Ministerio P\u00fablico. Hab\u00eda huellas de sangre en el piso.<\/p>\n\n\n\n<p>Asimismo, se dio a conocer que al cad\u00e1ver de la adulta mayor se le realizar\u00e1 la necropsia de ley para determinar el motivo del deceso, de donde se obtendr\u00e1n los datos de prueba que ser\u00e1n determinantes para determinar la situaci\u00f3n legal del detenido.<\/p>\n\n\n\n<p><a href=\"https:\/\/www.la-prensa.com.mx\/policiaca\/detienen-a-sujeto-que-enterro-a-su-madre-en-su-casa-en-la-gam-se-sospecha-que-el-mismo-la-mato-10340454.html\">https:\/\/www.la-prensa.com.mx\/policiaca\/detienen-a-sujeto-que-enterro-a-su-madre-en-su-casa-en-la-gam-se-sospecha-que-el-mismo-la-mato-10340454.html<\/a><\/p>\n","protected":false},"excerpt":{"rendered":"<p>Sabado 8 de julio 2023 Se dio a conocer que al cad\u00e1ver de la adulta&#8230;<\/p>\n","protected":false},"author":3,"featured_media":61199,"comment_status":"closed","ping_status":"closed","sticky":false,"template":"","format":"standard","meta":{"footnotes":""},"categories":[4],"tags":[],"class_list":["post-61198","post","type-post","status-publish","format-standard","has-post-thumbnail","hentry","category-noticias-del-dia"],"_links":{"self":[{"href":"https:\/\/bambapolitica.com.mx\/index.php\/wp-json\/wp\/v2\/posts\/61198","targetHints":{"allow":["GET"]}}],"collection":[{"href":"https:\/\/bambapolitica.com.mx\/index.php\/wp-json\/wp\/v2\/posts"}],"about":[{"href":"https:\/\/bambapolitica.com.mx\/index.php\/wp-json\/wp\/v2\/types\/post"}],"author":[{"embeddable":true,"href":"https:\/\/bambapolitica.com.mx\/index.php\/wp-json\/wp\/v2\/users\/3"}],"replies":[{"embeddable":true,"href":"https:\/\/bambapolitica.com.mx\/index.php\/wp-json\/wp\/v2\/comments?post=61198"}],"version-history":[{"count":1,"href":"https:\/\/bambapolitica.com.mx\/index.php\/wp-json\/wp\/v2\/posts\/61198\/revisions"}],"predecessor-version":[{"id":61200,"href":"https:\/\/bambapolitica.com.mx\/index.php\/wp-json\/wp\/v2\/posts\/61198\/revisions\/61200"}],"wp:featuredmedia":[{"embeddable":true,"href":"https:\/\/bambapolitica.com.mx\/index.php\/wp-json\/wp\/v2\/media\/61199"}],"wp:attachment":[{"href":"https:\/\/bambapolitica.com.mx\/index.php\/wp-json\/wp\/v2\/media?parent=61198"}],"wp:term":[{"taxonomy":"category","embeddable":true,"href":"https:\/\/bambapolitica.com.mx\/index.php\/wp-json\/wp\/v2\/categories?post=61198"},{"taxonomy":"post_tag","embeddable":true,"href":"https:\/\/bambapolitica.com.mx\/index.php\/wp-json\/wp\/v2\/tags?post=61198"}],"curies":[{"name":"wp","href":"https:\/\/api.w.org\/{rel}","templated":true}]}}