{"id":61201,"date":"2023-07-08T12:45:47","date_gmt":"2023-07-08T18:45:47","guid":{"rendered":"http:\/\/bambapolitica.com.mx\/?p=61201"},"modified":"2023-07-08T12:45:49","modified_gmt":"2023-07-08T18:45:49","slug":"hubo-un-accidente-vehicular-en-iztapalapa-y-hay-1-fallecido-y-1-herida","status":"publish","type":"post","link":"https:\/\/bambapolitica.com.mx\/index.php\/2023\/07\/08\/hubo-un-accidente-vehicular-en-iztapalapa-y-hay-1-fallecido-y-1-herida\/","title":{"rendered":"HUBO UN ACCIDENTE VEHICULAR EN IZTAPALAPA Y HAY 1 FALLECIDO Y 1 HERIDA"},"content":{"rendered":"\n<p>Sabado 8 de julio 2023<\/p>\n\n\n\n<p>Iztapalapa. 8 de Julio del 2023.- A las 02:34 hrs, se report\u00f3 un accidente vehicular en la Calzada Ignacio Zaragoza y Manuel Calero, en la Colonia Santa Martha Acatitla, Alcald\u00eda Iztapalapa, seg\u00fan el informe recibido v\u00eda radio, un veh\u00edculo se encontraba en llamas en el lugar del incidente.<\/p>\n\n\n\n<p>Al llegar, se encontr\u00f3 un veh\u00edculo de la marca VW Jetta de color azul, con placas de circulaci\u00f3n NTY-14-37. Lamentablemente, el conductor del veh\u00edculo fue encontrado sin signos vitales. Acompa\u00f1ando al conductor se encontraba Adriana Leucadio Lira, de 31 a\u00f1os, quien fue trasladada al Hospital Isste de Zaragoza para recibir atenci\u00f3n m\u00e9dica.<video controls=\"\" src=\"https:\/\/reporterosenmovimiento.com\/wp-content\/uploads\/2023\/07\/VID-20230708-WA0000.mp4\"><\/video><\/p>\n\n\n\n<figure class=\"wp-block-image\"><img decoding=\"async\" src=\"https:\/\/i0.wp.com\/reporterosenmovimiento.com\/wp-content\/uploads\/2023\/07\/IMG-20230708-WA0001.jpg?resize=576%2C1024&amp;ssl=1\" alt=\"\" class=\"wp-image-478255\"\/><\/figure>\n\n\n\n<p>El VW Jetta impact\u00f3 contra un cami\u00f3n de la marca Mercedes Benz de color blanco, con placas 77-HA-5S. Hasta el momento, se desconocen los datos del conductor del cami\u00f3n.<\/p>\n\n\n\n<figure class=\"wp-block-image\"><img decoding=\"async\" src=\"https:\/\/i0.wp.com\/reporterosenmovimiento.com\/wp-content\/uploads\/2023\/07\/IMG-20230708-WA0004.jpg?resize=640%2C853&amp;ssl=1\" alt=\"\" class=\"wp-image-478256\"\/><\/figure>\n\n\n\n<figure class=\"wp-block-image\"><img decoding=\"async\" src=\"https:\/\/i0.wp.com\/reporterosenmovimiento.com\/wp-content\/uploads\/2023\/07\/IMG-20230708-WA0003.jpg?resize=640%2C853&amp;ssl=1\" alt=\"\" class=\"wp-image-478254\"\/><\/figure>\n\n\n\n<p>El primer respondiente en la escena fue el Polic\u00eda 1\u00b0 846565, Juan Jos\u00e9 Flores Villaruel, adscrito a la delegaci\u00f3n Oasis con el distintivo MX-439-D1. En respuesta al incidente, se cont\u00f3 con el apoyo de los Bomberos Vulcano, unidad MP010, bajo la supervisi\u00f3n del Sub Oficial Carlos Hernandez Salsa, junto con otros tres elementos.<\/p>\n\n\n\n<p>Adem\u00e1s, una ambulancia de Protecci\u00f3n Civil con el n\u00famero 2475, dirigida por el param\u00e9dico David Rabaran Sandoval y un compa\u00f1ero, estuvieron presentes para brindar asistencia.<\/p>\n\n\n\n<p>Las autoridades est\u00e1n investigando las circunstancias que llevaron a este tr\u00e1gico incidente, mientras se espera m\u00e1s informaci\u00f3n.<\/p>\n\n\n\n<figure class=\"wp-block-embed is-type-wp-embed is-provider-reporteros-en-movimiento wp-block-embed-reporteros-en-movimiento\"><div class=\"wp-block-embed__wrapper\">\n<blockquote class=\"wp-embedded-content\" data-secret=\"QYOBqkbdVy\"><a href=\"https:\/\/reporterosenmovimiento.com\/2023\/07\/08\/hubo-un-accidente-vehicular-en-iztapalapa-y-hay-1-fallecido-y-1-herida\/\">HUBO UN ACCIDENTE VEHICULAR EN IZTAPALAPA Y HAY 1 FALLECIDO Y 1 HERIDA<\/a><\/blockquote><iframe loading=\"lazy\" class=\"wp-embedded-content\" sandbox=\"allow-scripts\" security=\"restricted\" style=\"position: absolute; visibility: hidden;\" title=\"\u00abHUBO UN ACCIDENTE VEHICULAR EN IZTAPALAPA Y HAY 1 FALLECIDO Y 1 HERIDA\u00bb \u2014 Reporteros en Movimiento\" src=\"https:\/\/reporterosenmovimiento.com\/2023\/07\/08\/hubo-un-accidente-vehicular-en-iztapalapa-y-hay-1-fallecido-y-1-herida\/embed\/#?secret=uMrINm0RCR#?secret=QYOBqkbdVy\" data-secret=\"QYOBqkbdVy\" width=\"600\" height=\"338\" frameborder=\"0\" marginwidth=\"0\" marginheight=\"0\" scrolling=\"no\"><\/iframe>\n<\/div><\/figure>\n","protected":false},"excerpt":{"rendered":"<p>Sabado 8 de julio 2023 Iztapalapa. 8 de Julio del 2023.- A las 02:34 hrs,&#8230;<\/p>\n","protected":false},"author":3,"featured_media":61202,"comment_status":"closed","ping_status":"closed","sticky":false,"template":"","format":"standard","meta":{"footnotes":""},"categories":[2],"tags":[],"class_list":["post-61201","post","type-post","status-publish","format-standard","has-post-thumbnail","hentry","category-policiaca"],"_links":{"self":[{"href":"https:\/\/bambapolitica.com.mx\/index.php\/wp-json\/wp\/v2\/posts\/61201","targetHints":{"allow":["GET"]}}],"collection":[{"href":"https:\/\/bambapolitica.com.mx\/index.php\/wp-json\/wp\/v2\/posts"}],"about":[{"href":"https:\/\/bambapolitica.com.mx\/index.php\/wp-json\/wp\/v2\/types\/post"}],"author":[{"embeddable":true,"href":"https:\/\/bambapolitica.com.mx\/index.php\/wp-json\/wp\/v2\/users\/3"}],"replies":[{"embeddable":true,"href":"https:\/\/bambapolitica.com.mx\/index.php\/wp-json\/wp\/v2\/comments?post=61201"}],"version-history":[{"count":1,"href":"https:\/\/bambapolitica.com.mx\/index.php\/wp-json\/wp\/v2\/posts\/61201\/revisions"}],"predecessor-version":[{"id":61203,"href":"https:\/\/bambapolitica.com.mx\/index.php\/wp-json\/wp\/v2\/posts\/61201\/revisions\/61203"}],"wp:featuredmedia":[{"embeddable":true,"href":"https:\/\/bambapolitica.com.mx\/index.php\/wp-json\/wp\/v2\/media\/61202"}],"wp:attachment":[{"href":"https:\/\/bambapolitica.com.mx\/index.php\/wp-json\/wp\/v2\/media?parent=61201"}],"wp:term":[{"taxonomy":"category","embeddable":true,"href":"https:\/\/bambapolitica.com.mx\/index.php\/wp-json\/wp\/v2\/categories?post=61201"},{"taxonomy":"post_tag","embeddable":true,"href":"https:\/\/bambapolitica.com.mx\/index.php\/wp-json\/wp\/v2\/tags?post=61201"}],"curies":[{"name":"wp","href":"https:\/\/api.w.org\/{rel}","templated":true}]}}