{"id":61204,"date":"2023-07-08T12:47:37","date_gmt":"2023-07-08T18:47:37","guid":{"rendered":"http:\/\/bambapolitica.com.mx\/?p=61204"},"modified":"2023-07-08T12:47:39","modified_gmt":"2023-07-08T18:47:39","slug":"beatriz-paredes-se-registro-como-candidata-a-la-presidencia-sera-la-carta-fuerte-del-pri-rompe-pacto-con-pan","status":"publish","type":"post","link":"https:\/\/bambapolitica.com.mx\/index.php\/2023\/07\/08\/beatriz-paredes-se-registro-como-candidata-a-la-presidencia-sera-la-carta-fuerte-del-pri-rompe-pacto-con-pan\/","title":{"rendered":"Beatriz Paredes se registr\u00f3 como candidata a la presidencia, ser\u00e1 la carta fuerte del PRI \u00bfrompe pacto con PAN?"},"content":{"rendered":"\n<p>Sabado 8 de julio 2023<\/p>\n\n\n\n<h2 class=\"wp-block-heading\">La priista se registr\u00f3, y agradeci\u00f3 a las personas que la acompa\u00f1aban<\/h2>\n\n\n\n<p>La ma\u00f1ana de este s\u00e1bado,<strong>&nbsp;Beatriz Paredes<\/strong>&nbsp;se registr\u00f3&nbsp;<strong>para buscar se la candidata a la presidencia en las elecciones del 2024 por el Frente Amplio por M\u00e9xico<\/strong>, conformado por los partidos Revolucionario Institucional (PRI); Acci\u00f3n Nacional (PAN) y de la Revoluci\u00f3n Democr\u00e1tica (PRD).<\/p>\n\n\n\n<figure class=\"wp-block-image\"><img decoding=\"async\" src=\"https:\/\/www.infobae.com\/new-resizer\/pM127sR2sGmgL2YURonY3HZmduM=\/arc-anglerfish-arc2-prod-infobae\/public\/BAVOMIADFFGWPHFYWXQAUXKI4M.jpg\" alt=\"Cuatro aspirantes a la candidatura presidencial presentaron su registro ante el Frente Amplio por M\u00e9xico (PRI Nacional\/PAN\/PRD M\u00e9xico)\"\/><\/figure>\n\n\n\n<p>En su registro, la apirante perteneciente al\u00a0<strong>PRI<\/strong>, agradeci\u00f3 a las personas que la acompa\u00f1aban y dijo que \u201ccomo nosotros nacimos en una regi\u00f3n ind\u00edgena tlaxcalteca, pero sobre todo tengo muchas compa\u00f1eras, gracias a todo el equipo de X\u00f3chitl (G\u00e1lvez) y de otras regiones que est\u00e1n con nosotros\u201d.<\/p>\n\n\n\n<p><a href=\"https:\/\/www.infobae.com\/mexico\/2023\/07\/08\/beatriz-paredes-se-registro-como-candidata-a-la-presidencia-sera-la-carta-fuerte-del-pri-rompe-pacto-con-pan\/\">https:\/\/www.infobae.com\/mexico\/2023\/07\/08\/beatriz-paredes-se-registro-como-candidata-a-la-presidencia-sera-la-carta-fuerte-del-pri-rompe-pacto-con-pan\/<\/a><\/p>\n","protected":false},"excerpt":{"rendered":"<p>Sabado 8 de julio 2023 La priista se registr\u00f3, y agradeci\u00f3 a las personas que&#8230;<\/p>\n","protected":false},"author":3,"featured_media":61205,"comment_status":"closed","ping_status":"closed","sticky":false,"template":"","format":"standard","meta":{"footnotes":""},"categories":[4],"tags":[],"class_list":["post-61204","post","type-post","status-publish","format-standard","has-post-thumbnail","hentry","category-noticias-del-dia"],"_links":{"self":[{"href":"https:\/\/bambapolitica.com.mx\/index.php\/wp-json\/wp\/v2\/posts\/61204","targetHints":{"allow":["GET"]}}],"collection":[{"href":"https:\/\/bambapolitica.com.mx\/index.php\/wp-json\/wp\/v2\/posts"}],"about":[{"href":"https:\/\/bambapolitica.com.mx\/index.php\/wp-json\/wp\/v2\/types\/post"}],"author":[{"embeddable":true,"href":"https:\/\/bambapolitica.com.mx\/index.php\/wp-json\/wp\/v2\/users\/3"}],"replies":[{"embeddable":true,"href":"https:\/\/bambapolitica.com.mx\/index.php\/wp-json\/wp\/v2\/comments?post=61204"}],"version-history":[{"count":1,"href":"https:\/\/bambapolitica.com.mx\/index.php\/wp-json\/wp\/v2\/posts\/61204\/revisions"}],"predecessor-version":[{"id":61206,"href":"https:\/\/bambapolitica.com.mx\/index.php\/wp-json\/wp\/v2\/posts\/61204\/revisions\/61206"}],"wp:featuredmedia":[{"embeddable":true,"href":"https:\/\/bambapolitica.com.mx\/index.php\/wp-json\/wp\/v2\/media\/61205"}],"wp:attachment":[{"href":"https:\/\/bambapolitica.com.mx\/index.php\/wp-json\/wp\/v2\/media?parent=61204"}],"wp:term":[{"taxonomy":"category","embeddable":true,"href":"https:\/\/bambapolitica.com.mx\/index.php\/wp-json\/wp\/v2\/categories?post=61204"},{"taxonomy":"post_tag","embeddable":true,"href":"https:\/\/bambapolitica.com.mx\/index.php\/wp-json\/wp\/v2\/tags?post=61204"}],"curies":[{"name":"wp","href":"https:\/\/api.w.org\/{rel}","templated":true}]}}