{"id":61207,"date":"2023-07-10T12:16:02","date_gmt":"2023-07-10T18:16:02","guid":{"rendered":"http:\/\/bambapolitica.com.mx\/?p=61207"},"modified":"2023-07-10T12:16:12","modified_gmt":"2023-07-10T18:16:12","slug":"autoridades-descartan-extorsion-en-incendio-de-la-central-de-abasto-de-toluca-confirman-8-muertos","status":"publish","type":"post","link":"https:\/\/bambapolitica.com.mx\/index.php\/2023\/07\/10\/autoridades-descartan-extorsion-en-incendio-de-la-central-de-abasto-de-toluca-confirman-8-muertos\/","title":{"rendered":"Autoridades descartan extorsi\u00f3n en incendio de la Central de Abasto de Toluca; confirman 8 muertos"},"content":{"rendered":"\n<p>Lunes 10 de julio 2023<\/p>\n\n\n\n<h2 class=\"wp-block-heading\">La zona siniestrada ocupa un \u00e1rea de 20 metros de largo por 18 de ancho, es decir unos 360 metros cuadrados donde hab\u00eda puestos de metal, huacales y productos<\/h2>\n\n\n\n<p>Una disputa entre particulares por la ocupaci\u00f3n de espacios en la\u00a0<strong>Central de Abasto de Toluca<\/strong>\u00a0, pudo ser el origen del incendio y muerte de ocho personas, se\u00f1alaron autoridades de la<a rel=\"noreferrer noopener\" href=\"https:\/\/www.eluniversal.com.mx\/tag\/secretaria-de-seguridad-del-estado-de-mexico\/\" target=\"_blank\"><strong>\u00a0Secretar\u00eda de Seguridad del Estado de M\u00e9xico<\/strong><\/a>.<\/p>\n\n\n\n<p>Luego de dialogar con&nbsp;<strong>comerciantes, locatarios y directivos&nbsp;<\/strong>de la Central de Abastos de Toluca estos se\u00f1alaron que la zona del siniestro estaba en disputa entre particulares, pleito legal que se tens\u00f3 hace unos d\u00edas cuando los posesionarios<strong>&nbsp;obtuvieron un amparo<\/strong>, indicaron autoridades mexiquenses.<\/p>\n\n\n\n<h2 class=\"wp-block-heading\">Fuego en una zona reducida<\/h2>\n\n\n\n<p>La zona siniestrada ocupa un \u00e1rea de 20 metros de largo por 18 de ancho, es decir unos 360 metros cuadrados donde hab\u00eda puestos de metal, huacales y productos como lechugas y legumbres, por lo que ninguna bodega result\u00f3 afectada, puntualizaron autoridades de la SS.<\/p>\n\n\n\n<p>A\u00fan contin\u00faan los peritajes para identificar a las v\u00edctimas que de forma preliminar se han confirmado ocho fallecidos<\/p>\n\n\n\n<p>En este momento la central de Abastos de Toluca opera con normalidad en la mayor\u00eda de sus bodegas y comercios, s\u00f3lo est\u00e1 restringido el paso en el \u00e1rea siniestrada.<\/p>\n\n\n\n<p><a href=\"https:\/\/www.eluniversal.com.mx\/edomex\/autoridades-descartan-extorsion-en-incendio-de-la-central-de-abasto-de-toluca-confirman-8-muertos\/\">https:\/\/www.eluniversal.com.mx\/edomex\/autoridades-descartan-extorsion-en-incendio-de-la-central-de-abasto-de-toluca-confirman-8-muertos\/<\/a><\/p>\n","protected":false},"excerpt":{"rendered":"<p>Lunes 10 de julio 2023 La zona siniestrada ocupa un \u00e1rea de 20 metros de&#8230;<\/p>\n","protected":false},"author":3,"featured_media":61208,"comment_status":"closed","ping_status":"closed","sticky":false,"template":"","format":"standard","meta":{"footnotes":""},"categories":[4],"tags":[],"class_list":["post-61207","post","type-post","status-publish","format-standard","has-post-thumbnail","hentry","category-noticias-del-dia"],"_links":{"self":[{"href":"https:\/\/bambapolitica.com.mx\/index.php\/wp-json\/wp\/v2\/posts\/61207","targetHints":{"allow":["GET"]}}],"collection":[{"href":"https:\/\/bambapolitica.com.mx\/index.php\/wp-json\/wp\/v2\/posts"}],"about":[{"href":"https:\/\/bambapolitica.com.mx\/index.php\/wp-json\/wp\/v2\/types\/post"}],"author":[{"embeddable":true,"href":"https:\/\/bambapolitica.com.mx\/index.php\/wp-json\/wp\/v2\/users\/3"}],"replies":[{"embeddable":true,"href":"https:\/\/bambapolitica.com.mx\/index.php\/wp-json\/wp\/v2\/comments?post=61207"}],"version-history":[{"count":1,"href":"https:\/\/bambapolitica.com.mx\/index.php\/wp-json\/wp\/v2\/posts\/61207\/revisions"}],"predecessor-version":[{"id":61209,"href":"https:\/\/bambapolitica.com.mx\/index.php\/wp-json\/wp\/v2\/posts\/61207\/revisions\/61209"}],"wp:featuredmedia":[{"embeddable":true,"href":"https:\/\/bambapolitica.com.mx\/index.php\/wp-json\/wp\/v2\/media\/61208"}],"wp:attachment":[{"href":"https:\/\/bambapolitica.com.mx\/index.php\/wp-json\/wp\/v2\/media?parent=61207"}],"wp:term":[{"taxonomy":"category","embeddable":true,"href":"https:\/\/bambapolitica.com.mx\/index.php\/wp-json\/wp\/v2\/categories?post=61207"},{"taxonomy":"post_tag","embeddable":true,"href":"https:\/\/bambapolitica.com.mx\/index.php\/wp-json\/wp\/v2\/tags?post=61207"}],"curies":[{"name":"wp","href":"https:\/\/api.w.org\/{rel}","templated":true}]}}