{"id":61210,"date":"2023-07-10T12:18:54","date_gmt":"2023-07-10T18:18:54","guid":{"rendered":"http:\/\/bambapolitica.com.mx\/?p=61210"},"modified":"2023-07-10T12:18:57","modified_gmt":"2023-07-10T18:18:57","slug":"lo-de-mexicana-de-aviacion-ya-se-resolvio-lopez-obrador-pagaran-mil-mdp-por-la-marca","status":"publish","type":"post","link":"https:\/\/bambapolitica.com.mx\/index.php\/2023\/07\/10\/lo-de-mexicana-de-aviacion-ya-se-resolvio-lopez-obrador-pagaran-mil-mdp-por-la-marca\/","title":{"rendered":"Lo de Mexicana de Aviaci\u00f3n ya se resolvi\u00f3: L\u00f3pez Obrador; pagar\u00e1n mil mdp por la marca"},"content":{"rendered":"\n<p>Lunes 10 de julio 2023<\/p>\n\n\n\n<h2 class=\"wp-block-heading\">El presidente confirm\u00f3 la compra de Mexicana luego de que un juez desechara los recursos de abogados y algunos trabajadores con lo cual se les podr\u00e1 pagar cierto monto por la marca.<\/h2>\n\n\n\n<p>Esta ma\u00f1ana, el presidente de M\u00e9xico,&nbsp;<a href=\"https:\/\/www.excelsior.com.mx\/amlo\" target=\"_blank\" rel=\"noreferrer noopener\">Andr\u00e9s Manuel L\u00f3pez Obrador<\/a>&nbsp;<strong>confirm\u00f3 la compra de la&nbsp; marca Mexicana de Aviaci\u00f3n luego de que un juez desechara los recursos de abogados y de algunos trabajadores<\/strong>, lo que dio paso a la adquisici\u00f3n, por lo cual el mandatario afirm\u00f3 que &#8220;ya se resolvi\u00f3\u201d.<\/p>\n\n\n\n<p>Sobre este proceso, el cual coment\u00f3 la semana pasada ten\u00eda que destrabarse a m\u00e1s tardar el s\u00e1bado 8 de julio,\u00a0<strong>el tabasque\u00f1o revel\u00f3 que el gobierno pagar\u00e1 mil millones de pesos por la marca y bienes de la aerol\u00ednea nacional.<\/strong><\/p>\n\n\n\n<blockquote class=\"wp-block-quote is-layout-flow wp-block-quote-is-layout-flow\">\n<p>Estamos muy contentos y yo creo que tambi\u00e9n los trabajadores porque van a recibir un pago por la venta de esa marca y de esos bienes. Esto va a ser una recompensa a lo mucho que han padecido, sufrido desde que en los tiempos del neoliberalismo\u201d, detall\u00f3 el jefe del Ejecutivo.<\/p>\n<\/blockquote>\n\n\n\n<p>De acuerdo con el mandatario,&nbsp;<strong>dicha aerol\u00ednea ser\u00e1 operada por la<\/strong><a href=\"https:\/\/www.excelsior.com.mx\/nacional\/secretaria-de-la-defensa-nacional\" target=\"_blank\" rel=\"noreferrer noopener\">&nbsp;Secretar\u00eda de la Defensa Nacional (Sedena)<\/a><strong>&nbsp;y apunt\u00f3 que comenzar\u00e1 a volar el 1 de diciembre de este a\u00f1o.<\/strong><\/p>\n\n\n\n<p>L\u00f3pez Obrador aprovech\u00f3 el momento para recordar\u00a0<strong>por qu\u00e9 Mexicana de Aviaci\u00f3n dej\u00f3 de operar en el espacio a\u00e9reo mexicano, pues se\u00f1al\u00f3 que esto se debi\u00f3 a que el expresidente\u00a0<\/strong><a rel=\"noreferrer noopener\" href=\"https:\/\/www.excelsior.com.mx\/topico\/vicente-fox-quesada\" target=\"_blank\">Vicente Fox\u00a0<\/a><strong>tom\u00f3 la decisi\u00f3n de \u201cregalarle\u201d la aerol\u00ednea a un allegado<\/strong>, mismo que la quebr\u00f3, dejando desamparados a los trabajadores.<\/p>\n\n\n\n<h2 class=\"wp-block-heading\"><strong>\u00bfCu\u00e1nto obtendr\u00e1n los trabajadores de Mexicana por la marca?<\/strong><\/h2>\n\n\n\n<p>El presidente se\u00f1al\u00f3 que&nbsp;<strong>de acuerdo a un aval\u00fao realizado, los 6 mil trabajadores de Mexicana de Aviaci\u00f3n recibir\u00e1n alrededor de mil millones de pesos, fraccionados en diversos montos.&nbsp;<\/strong><\/p>\n\n\n\n<blockquote class=\"wp-block-quote is-layout-flow wp-block-quote-is-layout-flow\">\n<p>Se hizo un aval\u00fao y van a recibir alrededor de mil millones de pesos. Son 6 mil trabajadores y les va a tocar, a algunos 60, otros 80 y hasta 100 mil pesos\u201d, inform\u00f3 L\u00f3pez Obrador.<\/p>\n<\/blockquote>\n\n\n\n<p>Por \u00faltimo, el tabasque\u00f1o dej\u00f3 entrever que\u00a0<strong>es posible que se otorgue el cheque de manera simb\u00f3lica a los trabajadores por este tr\u00e1mite en una de las\u00a0<\/strong><a rel=\"noreferrer noopener\" href=\"https:\/\/www.excelsior.com.mx\/mananera-lopez-obrador\" target=\"_blank\">conferencias ma\u00f1aneras<\/a>\u00a0una vez que se finalicen los tr\u00e1mites correspondientes en los juzgados.\u00a0<\/p>\n\n\n\n<p><a href=\"https:\/\/www.excelsior.com.mx\/nacional\/amlo-mexicana-de-aviacion-volara-en-diciembre\/1596903\">https:\/\/www.excelsior.com.mx\/nacional\/amlo-mexicana-de-aviacion-volara-en-diciembre\/1596903<\/a><\/p>\n","protected":false},"excerpt":{"rendered":"<p>Lunes 10 de julio 2023 El presidente confirm\u00f3 la compra de Mexicana luego de que&#8230;<\/p>\n","protected":false},"author":3,"featured_media":61211,"comment_status":"closed","ping_status":"closed","sticky":false,"template":"","format":"standard","meta":{"footnotes":""},"categories":[4],"tags":[],"class_list":["post-61210","post","type-post","status-publish","format-standard","has-post-thumbnail","hentry","category-noticias-del-dia"],"_links":{"self":[{"href":"https:\/\/bambapolitica.com.mx\/index.php\/wp-json\/wp\/v2\/posts\/61210","targetHints":{"allow":["GET"]}}],"collection":[{"href":"https:\/\/bambapolitica.com.mx\/index.php\/wp-json\/wp\/v2\/posts"}],"about":[{"href":"https:\/\/bambapolitica.com.mx\/index.php\/wp-json\/wp\/v2\/types\/post"}],"author":[{"embeddable":true,"href":"https:\/\/bambapolitica.com.mx\/index.php\/wp-json\/wp\/v2\/users\/3"}],"replies":[{"embeddable":true,"href":"https:\/\/bambapolitica.com.mx\/index.php\/wp-json\/wp\/v2\/comments?post=61210"}],"version-history":[{"count":1,"href":"https:\/\/bambapolitica.com.mx\/index.php\/wp-json\/wp\/v2\/posts\/61210\/revisions"}],"predecessor-version":[{"id":61212,"href":"https:\/\/bambapolitica.com.mx\/index.php\/wp-json\/wp\/v2\/posts\/61210\/revisions\/61212"}],"wp:featuredmedia":[{"embeddable":true,"href":"https:\/\/bambapolitica.com.mx\/index.php\/wp-json\/wp\/v2\/media\/61211"}],"wp:attachment":[{"href":"https:\/\/bambapolitica.com.mx\/index.php\/wp-json\/wp\/v2\/media?parent=61210"}],"wp:term":[{"taxonomy":"category","embeddable":true,"href":"https:\/\/bambapolitica.com.mx\/index.php\/wp-json\/wp\/v2\/categories?post=61210"},{"taxonomy":"post_tag","embeddable":true,"href":"https:\/\/bambapolitica.com.mx\/index.php\/wp-json\/wp\/v2\/tags?post=61210"}],"curies":[{"name":"wp","href":"https:\/\/api.w.org\/{rel}","templated":true}]}}