{"id":61213,"date":"2023-07-10T12:21:46","date_gmt":"2023-07-10T18:21:46","guid":{"rendered":"http:\/\/bambapolitica.com.mx\/?p=61213"},"modified":"2023-07-10T12:21:49","modified_gmt":"2023-07-10T18:21:49","slug":"murio-porfirio-munoz-ledo-politico-mexicano-a-los-89-anos","status":"publish","type":"post","link":"https:\/\/bambapolitica.com.mx\/index.php\/2023\/07\/10\/murio-porfirio-munoz-ledo-politico-mexicano-a-los-89-anos\/","title":{"rendered":"Muri\u00f3 Porfirio Mu\u00f1oz Ledo, pol\u00edtico mexicano, a los 89 a\u00f1os"},"content":{"rendered":"\n<p>Lunes 10 de julio 2023<\/p>\n\n\n\n<h2 class=\"wp-block-heading\">Integrantes de la clase pol\u00edtica mexicana lamentaron el suceso.<\/h2>\n\n\n\n<p>Porfirio Mu\u00f1oz Ledo, destacado pol\u00edtico mexicano, muri\u00f3 hoy a los 89 a\u00f1os de edad, inform\u00f3 su familia. Amigos y compa\u00f1eros integrantes de la clase pol\u00edtica lamentaron su fallecimiento.<\/p>\n\n\n\n<p>\u201cCon profundo dolor y tristeza, la familia comparte la noticia del sensible fallecimiento de nuestro querido padre Porfirio Alejandro Mu\u00f1oz Ledo y Lazo de la Vega D.E.P.\u201d, escribi\u00f3 su familia en la cuenta de Twitter del ex diputado.<\/p>\n\n\n\n<p>Una vez que se dio a conocer la noticia, comenzaron las expresiones de tristeza y los p\u00e9sames por parte de los pol\u00edticos. Uno de los primeros fue el ex presidente Felipe Calder\u00f3n, quien reconoci\u00f3 que, a pesar de las diferencias, trabaj\u00f3 junto al perredista en algunas reformas.\u00a0<\/p>\n\n\n\n<p>\u201cMe entero del fallecimiento de Porfirio Mu\u00f1oz Ledo.&nbsp;M\u00e1s all\u00e1 de diferencias. Trabajamos juntos desde la oposici\u00f3n, al frente de&nbsp;Accion Nacional&nbsp;y&nbsp;PRD,&nbsp;respectivamente en la Reforma Constitucional que hizo posible la transici\u00f3n a la democracia mediante creaci\u00f3n del IFE ahora&nbsp;INE&nbsp;independiente y la regulaci\u00f3n de campa\u00f1as. Descanse en paz\u201d, dijo.<\/p>\n\n\n\n<p>Tambi\u00e9n, el ex jefe de Gobierno de la Ciudad de M\u00e9xico, Miguel \u00c1ngel Mancera, lament\u00f3 la muerte del pol\u00edtico, a quien consider\u00f3 un amigo, a la vez que destac\u00f3 algunos de sus mayores logros.\u00a0<br>\u201cLamento profundamente la partida de Porfirio\u00a0Mu\u00f1oz Ledo. Amigo, colaborador, hombre dem\u00f3crata y referente de la pol\u00edtica nacional a quien le debemos el aporte para la primera Constituci\u00f3n de Ciudad de M\u00e9xico y el Gobierno de Coalici\u00f3n; mis condolencias a sus familiares y amigos. QEPD\u201d, escribi\u00f3.<br>Vicente Fox tambi\u00e9n se uni\u00f3 a la cadena de condolencias al recordar su trabajo juntos en Guanajuato. En un mensaje a trav\u00e9s de sus redes sociales, el ex mandatario panista sostuvo que \u201clo voy a extra\u00f1ar\u201d y enlist\u00f3 algunas de las cualidades del pol\u00edtico.\u00a0<\/p>\n\n\n\n<p>AMLO lamenta muerte de Mu\u00f1oz Ledo<br>El presidente Andr\u00e9s Manuel L\u00f3pez Obrador se uni\u00f3 a las expresiones de empat\u00eda con la familia del ex legislador y record\u00f3 que tuvo muchas coincidencias con \u00e9l. Agreg\u00f3 que, a pesar de las discrepancias recientes, \u00e9stas no pudieron borrar su amistad.\u00a0<br>\u00bfQui\u00e9n fue Porfirio Mu\u00f1oz Ledo?<br>Mu\u00f1oz Ledo contaba con una trayectoria pol\u00edtica que desempe\u00f1\u00f3 desde las trincheras priistas, perredistas y morenistas. Ha ocupado la mayor\u00eda de cargos p\u00fablicos, quiz\u00e1 solo le falt\u00f3 ser presidente de M\u00e9xico, aunque s\u00ed fue candidato en el 2000.<br>Porfirio Alejandro Mu\u00f1oz Ledo y Lazo de la Vega\u00a0fue un abogado por la UNAM,\u00a0donde estudi\u00f3 la carrera de 1951 a 1955 y doctor en Derecho Constitucional y Ciencia Pol\u00edtica por la Universidad de Par\u00eds de donde obtuvo su t\u00edtulo en 1958. Realiz\u00f3 estudios de posgrado en la Academia Interamericana de Derecho Comparado\u00a0en Cuba durante 1956.<br>\u200bEn el Partido Revolucionario Institucional fue su dirigente nacional del PRI de septiembre de 1975 a diciembre de 1976 cuando Luis Echeverr\u00eda era presidente de M\u00e9xico, en ese mismo periodo fue coordinador de campa\u00f1a electoral, un a\u00f1o antes de que Jos\u00e9 L\u00f3pez Portillo llegara a la presidencia.<br>Con Luis Echeverria fue secretario del Trabajo y Previsi\u00f3n Social mientras que con su sucesor lleg\u00f3 la Secretar\u00eda de Educaci\u00f3n P\u00fablica para ser su titular aunque solo fue por un a\u00f1o, despu\u00e9s fue representante de M\u00e9xico ante la Organizaci\u00f3n de las Naciones Unidas (ONU).<br>Con seis d\u00e9cadas en la pol\u00edtica \u2014acept\u00f3 su primer cargo p\u00fablico en 1963\u2014, Mu\u00f1oz Ledo fue testigo de la toma de posesi\u00f3n de los \u00faltimos 11 presidentes de M\u00e9xico, precisamente al \u00faltimo, Andr\u00e9s Manuel L\u00f3pez Obrador, le coloc\u00f3 la banda presidencial despu\u00e9s de su triunfo hist\u00f3rico en las elecciones de 2018.<\/p>\n\n\n\n<p>Mu\u00f1oz Ledo destac\u00f3 en los \u00faltimos a\u00f1os por ser un duro cr\u00edtico con las posturas del presidente L\u00f3pez Obrador, como la pol\u00edtica migratoria, la militarizaci\u00f3n y el control excesivo del presupuesto.<\/p>\n\n\n\n<p>Hasta 1987, Mu\u00f1oz Ledo fue militante del otrora dominante Partido Revolucionario Institucional (PRI), partido del que fue presidente y del que se retir\u00f3 al no recibir respaldo a sus deseos de ser candidato a la Presidencia.<\/p>\n\n\n\n<p>Luego form\u00f3 el Frente Democr\u00e1tico Nacional que se integr\u00f3 para las disputadas y pol\u00e9micas elecciones de 1988 y posteriormente fue cofundador y dirigente del Partido de la Revoluci\u00f3n Democr\u00e1tica (PRD), de centro-izquierda, pero a\u00f1os m\u00e1s tarde las disputas con Cuauht\u00e9moc C\u00e1rdenas por la candidatura presidencial ocasionaron su salida.<\/p>\n\n\n\n<p>Dej\u00f3 este \u00faltimo partido en 1999 al tiempo que el desaparecido Partido Aut\u00e9ntico de la Revoluci\u00f3n Mexicana (PARM) lo postul\u00f3 para las elecciones de 2000 que gan\u00f3 Vicente Fox, quien lo invit\u00f3 a su gobierno, situaci\u00f3n que le atrajo fuertes cr\u00edticas desde la izquierda mexicana, al ser el PAN un partido conservador y de derecha.<br>https:\/\/www.milenio.com\/politica\/murio-porfirio-munoz-ledo-politico-mexicano<\/p>\n","protected":false},"excerpt":{"rendered":"<p>Lunes 10 de julio 2023 Integrantes de la clase pol\u00edtica mexicana lamentaron el suceso. Porfirio&#8230;<\/p>\n","protected":false},"author":3,"featured_media":61214,"comment_status":"closed","ping_status":"closed","sticky":false,"template":"","format":"standard","meta":{"footnotes":""},"categories":[4],"tags":[],"class_list":["post-61213","post","type-post","status-publish","format-standard","has-post-thumbnail","hentry","category-noticias-del-dia"],"_links":{"self":[{"href":"https:\/\/bambapolitica.com.mx\/index.php\/wp-json\/wp\/v2\/posts\/61213","targetHints":{"allow":["GET"]}}],"collection":[{"href":"https:\/\/bambapolitica.com.mx\/index.php\/wp-json\/wp\/v2\/posts"}],"about":[{"href":"https:\/\/bambapolitica.com.mx\/index.php\/wp-json\/wp\/v2\/types\/post"}],"author":[{"embeddable":true,"href":"https:\/\/bambapolitica.com.mx\/index.php\/wp-json\/wp\/v2\/users\/3"}],"replies":[{"embeddable":true,"href":"https:\/\/bambapolitica.com.mx\/index.php\/wp-json\/wp\/v2\/comments?post=61213"}],"version-history":[{"count":1,"href":"https:\/\/bambapolitica.com.mx\/index.php\/wp-json\/wp\/v2\/posts\/61213\/revisions"}],"predecessor-version":[{"id":61215,"href":"https:\/\/bambapolitica.com.mx\/index.php\/wp-json\/wp\/v2\/posts\/61213\/revisions\/61215"}],"wp:featuredmedia":[{"embeddable":true,"href":"https:\/\/bambapolitica.com.mx\/index.php\/wp-json\/wp\/v2\/media\/61214"}],"wp:attachment":[{"href":"https:\/\/bambapolitica.com.mx\/index.php\/wp-json\/wp\/v2\/media?parent=61213"}],"wp:term":[{"taxonomy":"category","embeddable":true,"href":"https:\/\/bambapolitica.com.mx\/index.php\/wp-json\/wp\/v2\/categories?post=61213"},{"taxonomy":"post_tag","embeddable":true,"href":"https:\/\/bambapolitica.com.mx\/index.php\/wp-json\/wp\/v2\/tags?post=61213"}],"curies":[{"name":"wp","href":"https:\/\/api.w.org\/{rel}","templated":true}]}}