{"id":61216,"date":"2023-07-10T12:23:19","date_gmt":"2023-07-10T18:23:19","guid":{"rendered":"http:\/\/bambapolitica.com.mx\/?p=61216"},"modified":"2023-07-10T12:23:24","modified_gmt":"2023-07-10T18:23:24","slug":"amlo-lamenta-muerte-del-periodista-luis-martin-sanchez","status":"publish","type":"post","link":"https:\/\/bambapolitica.com.mx\/index.php\/2023\/07\/10\/amlo-lamenta-muerte-del-periodista-luis-martin-sanchez\/","title":{"rendered":"AMLO lamenta muerte del periodista Luis Mart\u00edn S\u00e1nchez"},"content":{"rendered":"\n<p>Lunes 10 de julio 2023<\/p>\n\n\n\n<h3 class=\"wp-block-heading\">Luis Mart\u00edn S\u00e1nchez era uno de los tres periodistas que hab\u00edan sido secuestrados en Nayarit<\/h3>\n\n\n\n<p>El presidente Andr\u00e9s Manuel L\u00f3pez confirm\u00f3 el asesinato del periodista Luis Mart\u00edn S\u00e1nchez, uno de los tres comunicadores que hab\u00edan sido secuestrado en esa entidad recientemente.<\/p>\n\n\n\n<p>Durante su conferencia matutina desde Palacio Nacional, el jefe del Ejecutivo federal envi\u00f3 sus condolencias y adelant\u00f3 que ma\u00f1ana en el informe del gabinete de seguridad se dar\u00e1 un informe sobre los hechos.<\/p>\n\n\n\n<p>\u201cInformar que lamentablemente uno de los tres periodistas secuestrados en Nayarit fue asesinado. Es una mala noticia, liberaron a dos, y uno fue asesinado. Ma\u00f1ana que toca hablar de seguridad, se va a dar m\u00e1s informaci\u00f3n sobre este lamentable hecho. Tambi\u00e9n nuestra condolencia, nuestro abrazo a familiares y amigos periodistas, compa\u00f1eros de trabajo&#8221;, expres\u00f3.<\/p>\n\n\n\n<p>La Fiscal\u00eda General del Estado Nayarit (FGE) confirm\u00f3 ayer que fue hallado sin vida, el periodista Luis Mart\u00edn S\u00e1nchez, quien laboraba como corresponsal de La Jornada en Nayarit y a quien su familia hab\u00eda reportado como desparecido desde el 5 de julio pasado.<\/p>\n\n\n\n<p>Respecto al fallecimiento del pol\u00edtico Mu\u00f1oz Ledo, el presidente dijo que lamentaba mucho la muerte del licenciado Porfirio Mu\u00f1oz Ledo.<\/p>\n\n\n\n<p>&#8220;Ayer dimos a conocer un mensaje que quiero repetir ahora: lamento el fallecimiento de Porfirio Mu\u00f1oz Ledo con quien por mucho tiempo tuve coincidencias, las circunstancias recientes no borran los buenos y largos momentos de amistad y compa\u00f1erismo; mucho menos su legado pol\u00edtico. Abrazo a sus familiares y amigos&#8221;, ley\u00f3 el presidente.<\/p>\n\n\n\n<p>Este lunes se rendir\u00e1 un homenaje a Mu\u00f1oz Ledo en la C\u00e1mara de Diputados a las 13:00 horas<\/p>\n\n\n\n<p><a href=\"https:\/\/www.elsoldemexico.com.mx\/mexico\/sociedad\/amlo-lamenta-muerte-del-periodista-luis-martin-sanchez-10349357.html\">https:\/\/www.elsoldemexico.com.mx\/mexico\/sociedad\/amlo-lamenta-muerte-del-periodista-luis-martin-sanchez-10349357.html<\/a><\/p>\n","protected":false},"excerpt":{"rendered":"<p>Lunes 10 de julio 2023 Luis Mart\u00edn S\u00e1nchez era uno de los tres periodistas que&#8230;<\/p>\n","protected":false},"author":3,"featured_media":61217,"comment_status":"closed","ping_status":"closed","sticky":false,"template":"","format":"standard","meta":{"footnotes":""},"categories":[4],"tags":[],"class_list":["post-61216","post","type-post","status-publish","format-standard","has-post-thumbnail","hentry","category-noticias-del-dia"],"_links":{"self":[{"href":"https:\/\/bambapolitica.com.mx\/index.php\/wp-json\/wp\/v2\/posts\/61216","targetHints":{"allow":["GET"]}}],"collection":[{"href":"https:\/\/bambapolitica.com.mx\/index.php\/wp-json\/wp\/v2\/posts"}],"about":[{"href":"https:\/\/bambapolitica.com.mx\/index.php\/wp-json\/wp\/v2\/types\/post"}],"author":[{"embeddable":true,"href":"https:\/\/bambapolitica.com.mx\/index.php\/wp-json\/wp\/v2\/users\/3"}],"replies":[{"embeddable":true,"href":"https:\/\/bambapolitica.com.mx\/index.php\/wp-json\/wp\/v2\/comments?post=61216"}],"version-history":[{"count":1,"href":"https:\/\/bambapolitica.com.mx\/index.php\/wp-json\/wp\/v2\/posts\/61216\/revisions"}],"predecessor-version":[{"id":61218,"href":"https:\/\/bambapolitica.com.mx\/index.php\/wp-json\/wp\/v2\/posts\/61216\/revisions\/61218"}],"wp:featuredmedia":[{"embeddable":true,"href":"https:\/\/bambapolitica.com.mx\/index.php\/wp-json\/wp\/v2\/media\/61217"}],"wp:attachment":[{"href":"https:\/\/bambapolitica.com.mx\/index.php\/wp-json\/wp\/v2\/media?parent=61216"}],"wp:term":[{"taxonomy":"category","embeddable":true,"href":"https:\/\/bambapolitica.com.mx\/index.php\/wp-json\/wp\/v2\/categories?post=61216"},{"taxonomy":"post_tag","embeddable":true,"href":"https:\/\/bambapolitica.com.mx\/index.php\/wp-json\/wp\/v2\/tags?post=61216"}],"curies":[{"name":"wp","href":"https:\/\/api.w.org\/{rel}","templated":true}]}}