{"id":61219,"date":"2023-07-10T12:25:28","date_gmt":"2023-07-10T18:25:28","guid":{"rendered":"http:\/\/bambapolitica.com.mx\/?p=61219"},"modified":"2023-07-10T12:25:32","modified_gmt":"2023-07-10T18:25:32","slug":"aspirantes-a-candidatura-de-morena-tienen-las-puertas-abiertas-para-regresar-amlo","status":"publish","type":"post","link":"https:\/\/bambapolitica.com.mx\/index.php\/2023\/07\/10\/aspirantes-a-candidatura-de-morena-tienen-las-puertas-abiertas-para-regresar-amlo\/","title":{"rendered":"Aspirantes a candidatura de Morena tienen las puertas abiertas para regresar: AMLO"},"content":{"rendered":"\n<p>Lunes 10 de julio 2023<\/p>\n\n\n\n<p>A pregunta expresa sobre la eventualidad de que el ex secretario de Gobernaci\u00f3n, Ad\u00e1n Augusto L\u00f3pez pudiera regresar a su gabinete ante el rumbo de su campa\u00f1a en la b\u00fasqueda de lograr la coordinaci\u00f3n de los Comit\u00e9s de los Defensa de la Transformaci\u00f3n, el presidente Andr\u00e9s Manuel L\u00f3pez Obrador dijo que \u201cva a depender de los resultados, hay que esperarnos, la verdad que todos los que est\u00e1n participando son gente con mucha experiencia en la administraci\u00f3n p\u00fablica, buena pol\u00edtica, son honestos, Aqu\u00ed tiene las puertas abiertas, nunca se les ha cerrado.<\/p>\n\n\n\n<p>En su conferencia, L\u00f3pez Obrador volvi\u00f3 a descalificar el proceso en la oposici\u00f3n, con especial \u00e9nfasis en quien, asegura, ser\u00e1 la abanderada del Frente Amplio, X\u00f3chitl Galvez: \u201cLa est\u00e1n inflando, pero no levanta, no va a levantar, porque son otros tiempos, ya la gente est\u00e1 muy consciente y el haber nacido en un pueblo, no significa que se le tiene amor al pueblo, Muchas veces los que vienen de abajo se vuelven ladinos, son racistas y clasistas. Se olvidan de sus sus or\u00edgenes, suele pasar en los pueblos, los m\u00e1s represores son caciques. Tambi\u00e9n de origen popular. Que olvidan su pasado. Hay algunos que hasta se blanquean\u201d.<\/p>\n\n\n\n<p>Galvez fue ya delegada de en Miguel Hidalgo, donde est\u00e1 Las Lomas (\u201cahi viven los m\u00e1s ricos de M\u00e9xico creo que ella vive ahi\u201d). Fue designada porque \u201cquieren regresar por sus fueros, seguir robando. La escogieron porque piensan que vana enga\u00f1ar con una mujer nace en un pueblo de Hidalgo y que habla de manera coloquial, directa, dice groser\u00eda. Pero la gente ya no se va a dejar enga\u00f1ar, es como, se acuerdan de las v\u00edboras, tepocatas, con Salinitas ni a ba\u00f1o, y cuando yo llegue a la Presidencia voya meter a la carcela Salinas y todos sus familiares, ahora si viene el cambio\u201d.<\/p>\n\n\n\n<p>En este contexto, se\u00f1al\u00f3 que como parte del acuerdo promovido por Claudio X Gonz\u00e1lez se determin\u00f3 que Santiago Taboada, alcalde de Benito Ju\u00e1rez, ser\u00e1 el candidato a Jefe de Gobierno de la Ciudad de M\u00e9xico. \u201cA pesar de los esc\u00e1ndalos de corrupci\u00f3n. Son de las gentes que suceden, que pueden parecer extra\u00f1as pero as\u00ed es la vida pol\u00edtica y as\u00ed es la democracia. Ese se\u00f1or Taboada, fue el que obtuvo m\u00e1s votos en la pasada elecci\u00f3n en Benito Ju\u00e1rez, porque ahi la mayor\u00eda apoya a los candidatos de la derecha, en la colonia del Valle\u201d.<\/p>\n\n\n\n<p>Sin embargo, L\u00f3pez Obrador dijo que en \u201cestos tiempos benditos\u201d ya la gente est\u00e1 despierta y \u201csi no se tienen convicciones sino se le respeta al pueblo, no, aunque se venga de cuna humilde, aunque se haya nacido en un pueblo. No, son cosas distintas. Ellos piensan, los mandam\u00e1s que pueden ganar. No, les fall\u00f3, ya se los puedo adelantar , ya chuparon faros\u201d.<\/p>\n\n\n\n<p>Al abundar sobre la eventualidad de que los aspirantes en su movimiento puedan regresar al gabinete, donde habl\u00f3 de los contendientes en general, sin especificar sobre L\u00f3pez, dijo que en cualquier caso \u201cva a depender de ellos y los resultados del proceso, c\u00f3mo decida la gente \u201cque es la que va a resolver a quien quiere que yo le entregue la estafeta, el bast\u00f3n de mando, para construir el movimiento de transformaci\u00f3n\u201d.<\/p>\n\n\n\n<p>Asegur\u00f3 que la selecci\u00f3n de quien coordinar\u00e1 su movimiento, no es como en el flanco derecho de la pol\u00edtica \u201cahi ya eligieron los de arriba, Diego, Fox, Salinas, etc\u00e9tera, los medios.<\/p>\n\n\n\n<p>Eso fue una consulta que hicieron a los de arriba el gerente del bloque conservador Claudio X Gonzalez y ya impusieron a la se\u00f1or Xochitl Y ya hay cargada. O no se han dado cuenta?\u201d<\/p>\n\n\n\n<p><a href=\"https:\/\/www.jornada.com.mx\/notas\/2023\/07\/10\/politica\/puertas-abiertas-para-eventual-regreso-de-adan-lopez-a-gabinete-amlo\/\">https:\/\/www.jornada.com.mx\/notas\/2023\/07\/10\/politica\/puertas-abiertas-para-eventual-regreso-de-adan-lopez-a-gabinete-amlo\/<\/a><\/p>\n","protected":false},"excerpt":{"rendered":"<p>Lunes 10 de julio 2023 A pregunta expresa sobre la eventualidad de que el ex&#8230;<\/p>\n","protected":false},"author":3,"featured_media":61221,"comment_status":"closed","ping_status":"closed","sticky":false,"template":"","format":"standard","meta":{"footnotes":""},"categories":[4],"tags":[],"class_list":["post-61219","post","type-post","status-publish","format-standard","has-post-thumbnail","hentry","category-noticias-del-dia"],"_links":{"self":[{"href":"https:\/\/bambapolitica.com.mx\/index.php\/wp-json\/wp\/v2\/posts\/61219","targetHints":{"allow":["GET"]}}],"collection":[{"href":"https:\/\/bambapolitica.com.mx\/index.php\/wp-json\/wp\/v2\/posts"}],"about":[{"href":"https:\/\/bambapolitica.com.mx\/index.php\/wp-json\/wp\/v2\/types\/post"}],"author":[{"embeddable":true,"href":"https:\/\/bambapolitica.com.mx\/index.php\/wp-json\/wp\/v2\/users\/3"}],"replies":[{"embeddable":true,"href":"https:\/\/bambapolitica.com.mx\/index.php\/wp-json\/wp\/v2\/comments?post=61219"}],"version-history":[{"count":1,"href":"https:\/\/bambapolitica.com.mx\/index.php\/wp-json\/wp\/v2\/posts\/61219\/revisions"}],"predecessor-version":[{"id":61222,"href":"https:\/\/bambapolitica.com.mx\/index.php\/wp-json\/wp\/v2\/posts\/61219\/revisions\/61222"}],"wp:featuredmedia":[{"embeddable":true,"href":"https:\/\/bambapolitica.com.mx\/index.php\/wp-json\/wp\/v2\/media\/61221"}],"wp:attachment":[{"href":"https:\/\/bambapolitica.com.mx\/index.php\/wp-json\/wp\/v2\/media?parent=61219"}],"wp:term":[{"taxonomy":"category","embeddable":true,"href":"https:\/\/bambapolitica.com.mx\/index.php\/wp-json\/wp\/v2\/categories?post=61219"},{"taxonomy":"post_tag","embeddable":true,"href":"https:\/\/bambapolitica.com.mx\/index.php\/wp-json\/wp\/v2\/tags?post=61219"}],"curies":[{"name":"wp","href":"https:\/\/api.w.org\/{rel}","templated":true}]}}