{"id":61223,"date":"2023-07-10T12:27:04","date_gmt":"2023-07-10T18:27:04","guid":{"rendered":"http:\/\/bambapolitica.com.mx\/?p=61223"},"modified":"2023-07-10T12:27:06","modified_gmt":"2023-07-10T18:27:06","slug":"departamento-de-justicia-eu-no-interfirio-en-investigacion-de-hijo-de-biden-fiscal-del-caso","status":"publish","type":"post","link":"https:\/\/bambapolitica.com.mx\/index.php\/2023\/07\/10\/departamento-de-justicia-eu-no-interfirio-en-investigacion-de-hijo-de-biden-fiscal-del-caso\/","title":{"rendered":"Departamento de Justicia EU no interfiri\u00f3 en investigaci\u00f3n de hijo de Biden: fiscal del caso"},"content":{"rendered":"\n<p>Lunes 10 de julio 2023<\/p>\n\n\n\n<p>El fiscal federal de Delaware, David Weiss, neg\u00f3 en una carta al senador republicano Lindsey Graham las acusaciones de que alguna vez pidi\u00f3 formalmente permiso al fiscal general Merrick Garland para ser designado como abogado especial, un estatus que le habr\u00eda permitido presentar cargos federales en cualquier distrito del pa\u00eds contra Hunter Biden.<\/p>\n\n\n\n<p><a href=\"https:\/\/api.whatsapp.com\/send?text=https%3A%2F%2Fwww.eleconomista.com.mx%2Fpolitica%2FDepartamento-de-Justicia-EU-no-interfirio-en-investigacion-de-hijo-de-Biden-fiscal-del-caso-20230710-0049.html\" target=\"_blank\" rel=\"noreferrer noopener\"><\/a><a href=\"https:\/\/twitter.com\/intent\/tweet?text=Departamento%20de%20Justicia%20EU%20no%20interfiri%C3%B3%20en%20investigaci%C3%B3n%20de%20hijo%20de%20Biden:%20fiscal%20del%20caso?&amp;url=https%3A%2F%2Fwww.eleconomista.com.mx%2Fpolitica%2FDepartamento-de-Justicia-EU-no-interfirio-en-investigacion-de-hijo-de-Biden-fiscal-del-caso-20230710-0049.html\" target=\"_blank\" rel=\"noreferrer noopener\"><\/a><a href=\"https:\/\/www.facebook.com\/sharer\/sharer.php?u=https%3A%2F%2Fwww.eleconomista.com.mx%2Fpolitica%2FDepartamento-de-Justicia-EU-no-interfirio-en-investigacion-de-hijo-de-Biden-fiscal-del-caso-20230710-0049.html\" target=\"_blank\" rel=\"noreferrer noopener\"><\/a><a href=\"https:\/\/www.linkedin.com\/sharing\/share-offsite\/?url=https%3A%2F%2Fwww.eleconomista.com.mx%2Fpolitica%2FDepartamento-de-Justicia-EU-no-interfirio-en-investigacion-de-hijo-de-Biden-fiscal-del-caso-20230710-0049.html\" target=\"_blank\" rel=\"noreferrer noopener\"><\/a><\/p>\n\n\n\n<p>El fiscal federal que supervisa el caso penal contra el hijo del presidente estadounidense,&nbsp;<strong>Joe Biden<\/strong>,&nbsp;<strong>Hunter Biden<\/strong>, dijo el lunes que el Departamento de Justicia nunca le impidi\u00f3 presentar cargos, pareciendo desacreditar las afirmaciones de un denunciante del Servicio de Impuestos Internos (IRS, por sus siglas en ingl\u00e9s).<\/p>\n\n\n\n<p>El fiscal federal de Delaware, David Weiss, neg\u00f3 en una carta al senador republicano Lindsey Graham las acusaciones de que alguna vez pidi\u00f3 formalmente permiso al fiscal general Merrick Garland para ser designado como abogado especial, un estatus que le habr\u00eda permitido presentar cargos federales en cualquier distrito del pa\u00eds contra Hunter Biden.<\/p>\n\n\n\n<p>&#8220;No he solicitado la designaci\u00f3n de abogado especial&#8221;, escribi\u00f3 Weiss, nombrado por el expresidente republicano Donald Trump. &#8220;M\u00e1s bien, mantuve conversaciones con funcionarios del Departamento sobre una posible designaci\u00f3n (&#8230;) que me habr\u00eda permitido presentar cargos en un distrito fuera del m\u00edo sin la asociaci\u00f3n del fiscal federal local&#8221;, agreg\u00f3.<\/p>\n\n\n\n<p>La oficina de Weiss revel\u00f3 el mes pasado que acusaba a Hunter Biden de dos delitos fiscales menores, de los que se espera que el hijo del presidente se declare culpable a finales de este mes.<\/p>\n\n\n\n<p>El acusado tambi\u00e9n ha accedido a entrar en un programa alternativo previo al juicio para evitar enfrentarse a un delito m\u00e1s grave de posesi\u00f3n de un arma de fuego mientras consum\u00eda drogas ilegales. Los republicanos se han preguntado por qu\u00e9 Weiss no present\u00f3 cargos por delitos m\u00e1s graves.<\/p>\n\n\n\n<p>Sus cr\u00edticas se han visto alimentadas en parte por las afirmaciones de Gary Shapley, un agente supervisor criminal del IRS que trabaj\u00f3 en la investigaci\u00f3n de Hunter Biden.<\/p>\n\n\n\n<p><a href=\"https:\/\/www.eleconomista.com.mx\/politica\/Departamento-de-Justicia-EU-no-interfirio-en-investigacion-de-hijo-de-Biden-fiscal-del-caso-20230710-0049.html\">https:\/\/www.eleconomista.com.mx\/politica\/Departamento-de-Justicia-EU-no-interfirio-en-investigacion-de-hijo-de-Biden-fiscal-del-caso-20230710-0049.html<\/a><\/p>\n","protected":false},"excerpt":{"rendered":"<p>Lunes 10 de julio 2023 El fiscal federal de Delaware, David Weiss, neg\u00f3 en una&#8230;<\/p>\n","protected":false},"author":3,"featured_media":61224,"comment_status":"closed","ping_status":"closed","sticky":false,"template":"","format":"standard","meta":{"footnotes":""},"categories":[4],"tags":[],"class_list":["post-61223","post","type-post","status-publish","format-standard","has-post-thumbnail","hentry","category-noticias-del-dia"],"_links":{"self":[{"href":"https:\/\/bambapolitica.com.mx\/index.php\/wp-json\/wp\/v2\/posts\/61223","targetHints":{"allow":["GET"]}}],"collection":[{"href":"https:\/\/bambapolitica.com.mx\/index.php\/wp-json\/wp\/v2\/posts"}],"about":[{"href":"https:\/\/bambapolitica.com.mx\/index.php\/wp-json\/wp\/v2\/types\/post"}],"author":[{"embeddable":true,"href":"https:\/\/bambapolitica.com.mx\/index.php\/wp-json\/wp\/v2\/users\/3"}],"replies":[{"embeddable":true,"href":"https:\/\/bambapolitica.com.mx\/index.php\/wp-json\/wp\/v2\/comments?post=61223"}],"version-history":[{"count":1,"href":"https:\/\/bambapolitica.com.mx\/index.php\/wp-json\/wp\/v2\/posts\/61223\/revisions"}],"predecessor-version":[{"id":61225,"href":"https:\/\/bambapolitica.com.mx\/index.php\/wp-json\/wp\/v2\/posts\/61223\/revisions\/61225"}],"wp:featuredmedia":[{"embeddable":true,"href":"https:\/\/bambapolitica.com.mx\/index.php\/wp-json\/wp\/v2\/media\/61224"}],"wp:attachment":[{"href":"https:\/\/bambapolitica.com.mx\/index.php\/wp-json\/wp\/v2\/media?parent=61223"}],"wp:term":[{"taxonomy":"category","embeddable":true,"href":"https:\/\/bambapolitica.com.mx\/index.php\/wp-json\/wp\/v2\/categories?post=61223"},{"taxonomy":"post_tag","embeddable":true,"href":"https:\/\/bambapolitica.com.mx\/index.php\/wp-json\/wp\/v2\/tags?post=61223"}],"curies":[{"name":"wp","href":"https:\/\/api.w.org\/{rel}","templated":true}]}}