{"id":61226,"date":"2023-07-10T12:28:53","date_gmt":"2023-07-10T18:28:53","guid":{"rendered":"http:\/\/bambapolitica.com.mx\/?p=61226"},"modified":"2023-07-10T12:28:56","modified_gmt":"2023-07-10T18:28:56","slug":"perfil-santiago-taboada-el-alcalde-ligado-al-cartel-inmobiliario-que-destapo-amlo","status":"publish","type":"post","link":"https:\/\/bambapolitica.com.mx\/index.php\/2023\/07\/10\/perfil-santiago-taboada-el-alcalde-ligado-al-cartel-inmobiliario-que-destapo-amlo\/","title":{"rendered":"PERFIL: Santiago Taboada, el alcalde ligado al C\u00e1rtel inmobiliario que \u2018destap\u00f3\u2019 AMLO"},"content":{"rendered":"\n<p>Lunes 10 de julio 2023<\/p>\n\n\n\n<h2 class=\"wp-block-heading\">Santiago Taboada, actual alcalde de Benito Ju\u00e1rez, fue se\u00f1alado de continuar con el esquema de corrupci\u00f3n de Christian von Roehrich<\/h2>\n\n\n\n<p>Como lo hizo hace unos d\u00edas con la senadora&nbsp;<a href=\"https:\/\/www.elfinanciero.com.mx\/nacional\/2023\/07\/03\/amlo-mananera-temas-hoy-3-julio-2023-en-vivo\/\" target=\"_blank\" rel=\"noreferrer noopener\">X\u00f3chitl G\u00e1lvez<\/a>, el presidente Andr\u00e9s Manuel L\u00f3pez Obrador volvi\u00f3 a lanzar una apuesta sobre la persona que representar\u00e1 al bloque opositor pero esta vez en las&nbsp;<strong>elecciones para la jefatura de Gobierno de la Ciudad de M\u00e9xico en 2024<\/strong>.<\/p>\n\n\n\n<p>De acuerdo con el mandatario,<a href=\"https:\/\/www.elfinanciero.com.mx\/nacional\/2023\/07\/10\/amlo-mananera-temas-hoy-10-julio-2023-en-vivo\/\" target=\"_blank\" rel=\"noreferrer noopener\">Santiago Taboada<\/a>, el actual alcalde de Benito Ju\u00e1rez, ser\u00e1 el&nbsp;<strong>candidato elegido por la c\u00fapula oligarca<\/strong>&nbsp;que toma las decisiones de la alianza \u201cVa por M\u00e9xico\u201d.<\/p>\n\n\n\n<p>\u201cAl momento que llegan al acuerdo con lo de X\u00f3chitl -porque originalmente estaban pensando en X\u00f3chitl para la ciudad-&nbsp;<strong>acuerdan que el delegado de Benito Ju\u00e1rez<\/strong>,<a href=\"https:\/\/www.elfinanciero.com.mx\/cdmx\/2023\/05\/02\/cartel-inmobiliario-fiscalia-cdmx-acusa-a-santiago-taboada\/\">&nbsp;a pesar de los esc\u00e1ndalos de corrupci\u00f3n<\/a>,&nbsp;<strong>ser\u00e1 el candidato<\/strong>\u201d, revel\u00f3 esta ma\u00f1ana en su conferencia de prensa.<\/p>\n\n\n\n<p>Asimismo, record\u00f3 que Taboada obtuvo la mayor\u00eda de votos en la alcald\u00eda Benito Ju\u00e1rez en los comicios locales del 2021. \u201cAh\u00ed la mayor\u00eda apoya a los candidatos de la derecha\u201d, se\u00f1al\u00f3. Pero, \u00bfqu\u00e9 m\u00e1s se conoce de este personaje?<\/p>\n\n\n\n<h2 class=\"wp-block-heading\">Santiago Taboada es involucrado en C\u00e1rtel Inmobiliario<\/h2>\n\n\n\n<p>En mayo de este a\u00f1o,&nbsp;<a href=\"https:\/\/www.elfinanciero.com.mx\/cdmx\/2023\/05\/02\/cartel-inmobiliario-fiscalia-cdmx-acusa-a-santiago-taboada\/\" target=\"_blank\" rel=\"noreferrer noopener\">Taboada fue acusado de participar en una trama de corrupci\u00f3n inmobiliaria<\/a>&nbsp;junto con&nbsp;<strong>Jorge Romero y&nbsp;<\/strong><a href=\"https:\/\/www.elfinanciero.com.mx\/nacional\/2023\/04\/27\/cartel-inmobiliario-christian-von-roehrich-es-vinculado-a-proceso-con-prision-preventiva\/\">Christian von Roehrich<\/a>, exdirigentes de la demarcaci\u00f3n.<\/p>\n\n\n\n<p>La Fiscal\u00eda General de Justicia capitalina explic\u00f3 en su momento que Roehrich utiliz\u00f3 una empresa para simular pagos por contratos para la&nbsp;<strong>reconstrucci\u00f3n, remodelado y demolici\u00f3n de inmuebles<\/strong>&nbsp;da\u00f1ados por el sismo de 2017 con la finalidad de obtener&nbsp;<strong>dos departamentos en el conjunto City Tower Green &amp; Black<\/strong>&nbsp;y se\u00f1al\u00f3 al actual alcalde as\u00ed comoavarios exfuncionarios p\u00fablicos de la alcald\u00eda de continuar con este&nbsp;<em>modus operandi<\/em>.<\/p>\n\n\n\n<p>La acusaci\u00f3n se fundament\u00f3 en declaraciones de un testigo colaborador, quien expuso que Taboada exigi\u00f3 la realizaci\u00f3n de&nbsp;<strong>obras de reconstrucci\u00f3n valuadas en 25 millones de pesos<\/strong>, de los cuales solo pag\u00f3 15.<\/p>\n\n\n\n<p>Un d\u00eda despu\u00e9s del se\u00f1alamiento, Taboada reiter\u00f3 que presentar\u00eda una\u00a0<a rel=\"noreferrer noopener\" href=\"https:\/\/www.elfinanciero.com.mx\/cdmx\/2023\/05\/03\/cartel-inmobiliario-taboada-denuncia-a-ernestina-godoy-inventaron-testigo-en-mi-contra\/\" target=\"_blank\">denuncia en contra de la fiscal Ernestina Godoy<\/a><strong>y el vocero Ulises Lara<\/strong>\u00a0por el \u201catropello y la persecuci\u00f3n pol\u00edtica\u201d en su contra. El alcalde ya hab\u00eda hecho esta advertencia una semana antes de que salieran a la luz las declaraciones del testigo pues ten\u00eda conocimiento de que en la dependencia preparaban un video en el que un supuesto empresario leer\u00eda un gui\u00f3n para tratar de incriminarlo en los actos de corrupci\u00f3n.<\/p>\n\n\n\n<p>\u201cPuedo decir con todas las pruebas en la mano que no hay contrato en el que \u00e9l est\u00e9 involucrado, ni las fechas que menciona\u201d, defendi\u00f3.<\/p>\n\n\n\n<h2 class=\"wp-block-heading\">Trayectoria de Santiago Taboada<\/h2>\n\n\n\n<p>Santiago Taboada estudi\u00f3 Derecho en la UNAM y cuenta con una maestr\u00eda en Gobernanza y Comunicaci\u00f3n Pol\u00edtica por la Universidad George Washington, seg\u00fan se\u00f1ala el portal de Diputados del PAN.<\/p>\n\n\n\n<p>Tras adquirir experiencia ejerciendo su profesi\u00f3n, comenz\u00f3 su trayectoria pol\u00edtica en 2006 como asesor parlamentario en la Comisi\u00f3n de Juventud y Deporte en la IV Legislatura de la entonces Asamblea Legislativa del Distrito Federal.<\/p>\n\n\n\n<p>Seis a\u00f1os despu\u00e9s se convirti\u00f3 en diputado local en la VI Legislatura (2012-2015) y vicecoordinador del grupo parlamentario del PAN. En este periodo tambi\u00e9n fue consejero nacional del PAN (2014-2017) e integrante de la Asamblea Constituyente de la Ciudad de M\u00e9xico (2016), designado por la C\u00e1mara de Diputados. Del 2015 al 2018 ejerci\u00f3 como&nbsp;<strong>diputado plurinominal del PAN&nbsp;<\/strong>en el Congreso de la Uni\u00f3n.<\/p>\n\n\n\n<p>Desde el<strong>&nbsp;1 de octubre del 2018&nbsp;<\/strong>es alcalde de Benito Ju\u00e1rez. En 2021 fue reelegido para cumplir con un segundo periodo que termina en 2024.<\/p>\n\n\n\n<p>En la\u00a0<a rel=\"noreferrer noopener\" href=\"https:\/\/www.elfinanciero.com.mx\/cdmx\/2023\/06\/14\/encuesta-ef-quienes-son-las-corcholatas-de-la-oposicion-a-cdmx-y-que-desventaja-tienen-ante-morena\/\" target=\"_blank\">encuesta de El Financiero<\/a>\u00a0de mediados de junio, Taboada se posicion\u00f3 como el\u00a0<strong>segundo aspirante favorito\u00a0<\/strong>a obtener la candidatura del bloque opositor. En ese momento obtuvo el 27 por ciento de opini\u00f3n favorable, por debajo del 31 por ciento obtenido por G\u00e1lvez, quien ya se retir\u00f3 de esa contienda para participar en la que se llevar\u00e1 a cabo a nivel federal.<\/p>\n\n\n\n<p><a href=\"https:\/\/www.elfinanciero.com.mx\/nacional\/2023\/07\/10\/perfil-santiago-taboada-el-alcalde-ligado-al-cartel-inmobiliario-que-destapo-amlo\/\">https:\/\/www.elfinanciero.com.mx\/nacional\/2023\/07\/10\/perfil-santiago-taboada-el-alcalde-ligado-al-cartel-inmobiliario-que-destapo-amlo\/<\/a><\/p>\n","protected":false},"excerpt":{"rendered":"<p>Lunes 10 de julio 2023 Santiago Taboada, actual alcalde de Benito Ju\u00e1rez, fue se\u00f1alado de&#8230;<\/p>\n","protected":false},"author":3,"featured_media":61227,"comment_status":"closed","ping_status":"closed","sticky":false,"template":"","format":"standard","meta":{"footnotes":""},"categories":[4],"tags":[],"class_list":["post-61226","post","type-post","status-publish","format-standard","has-post-thumbnail","hentry","category-noticias-del-dia"],"_links":{"self":[{"href":"https:\/\/bambapolitica.com.mx\/index.php\/wp-json\/wp\/v2\/posts\/61226","targetHints":{"allow":["GET"]}}],"collection":[{"href":"https:\/\/bambapolitica.com.mx\/index.php\/wp-json\/wp\/v2\/posts"}],"about":[{"href":"https:\/\/bambapolitica.com.mx\/index.php\/wp-json\/wp\/v2\/types\/post"}],"author":[{"embeddable":true,"href":"https:\/\/bambapolitica.com.mx\/index.php\/wp-json\/wp\/v2\/users\/3"}],"replies":[{"embeddable":true,"href":"https:\/\/bambapolitica.com.mx\/index.php\/wp-json\/wp\/v2\/comments?post=61226"}],"version-history":[{"count":1,"href":"https:\/\/bambapolitica.com.mx\/index.php\/wp-json\/wp\/v2\/posts\/61226\/revisions"}],"predecessor-version":[{"id":61228,"href":"https:\/\/bambapolitica.com.mx\/index.php\/wp-json\/wp\/v2\/posts\/61226\/revisions\/61228"}],"wp:featuredmedia":[{"embeddable":true,"href":"https:\/\/bambapolitica.com.mx\/index.php\/wp-json\/wp\/v2\/media\/61227"}],"wp:attachment":[{"href":"https:\/\/bambapolitica.com.mx\/index.php\/wp-json\/wp\/v2\/media?parent=61226"}],"wp:term":[{"taxonomy":"category","embeddable":true,"href":"https:\/\/bambapolitica.com.mx\/index.php\/wp-json\/wp\/v2\/categories?post=61226"},{"taxonomy":"post_tag","embeddable":true,"href":"https:\/\/bambapolitica.com.mx\/index.php\/wp-json\/wp\/v2\/tags?post=61226"}],"curies":[{"name":"wp","href":"https:\/\/api.w.org\/{rel}","templated":true}]}}