{"id":61229,"date":"2023-07-10T12:31:57","date_gmt":"2023-07-10T18:31:57","guid":{"rendered":"http:\/\/bambapolitica.com.mx\/?p=61229"},"modified":"2023-07-10T12:32:00","modified_gmt":"2023-07-10T18:32:00","slug":"gerardo-saade-nieto-de-murillo-karam-contaba-con-ficha-roja-de-interpol","status":"publish","type":"post","link":"https:\/\/bambapolitica.com.mx\/index.php\/2023\/07\/10\/gerardo-saade-nieto-de-murillo-karam-contaba-con-ficha-roja-de-interpol\/","title":{"rendered":"Gerardo Saade, nieto de Murillo Karam, contaba con \u2018ficha roja\u2019 de Interpol"},"content":{"rendered":"\n<p>Lunes 10 de Julio 2023<\/p>\n\n\n\n<p>El nieto del extitular de la PGR, Jes\u00fas Murillo Karam, estuvo fuera de M\u00e9xico antes de ser presentado ante la jueza de control que gir\u00f3 la orden de aprehensi\u00f3n en su contra y el fallo judicial a su favor podr\u00eda facilitar que vuelva a salir del pa\u00eds.<\/p>\n\n\n\n<p>La Fiscal\u00eda General de la Rep\u00fablica hab\u00eda emitido una ficha roja para la localizaci\u00f3n y detenci\u00f3n d<strong>e Gerardo Saade Murillo<\/strong>&nbsp;tras la orden de aprehensi\u00f3n que una jueza de control hab\u00eda librado en su contra por el delito de tentativa de homicidio en grado de part\u00edcipe inductor o autor intelectual del atentado contra el abogado Sergio Beltr\u00e1n Merino.<\/p>\n\n\n\n<p>La ficha roja contra el nieto del exprocurador general de la Rep\u00fablica, Jes\u00fas Murillo Karam,<strong>&nbsp;estuvo vigente del 17 de mayo al&nbsp; 22 de junio,<\/strong>&nbsp;fecha en la que compareci\u00f3 por primera vez ante la misma jueza que firm\u00f3 la orden de captura en su contra.<\/p>\n\n\n\n<p>El fallo judicial dictado su favor el pasado 27 de junio, cuando se le dict\u00f3 auto de no vinculaci\u00f3n a proceso, podr\u00eda facilitar que vuelva a salir de M\u00e9xico, a pesar de que las investigaciones del caso no han concluido.<\/p>\n\n\n\n<p>De acuerdo con un oficio enviado por el&nbsp;<strong>Supervisor Especializado en el Sistema Interpol de la Direcci\u00f3n&nbsp; General de Asuntos Policiales Internacionales d<\/strong>e Interpol, a petici\u00f3n de la Procuradur\u00eda de Hidalgo, se giraron alertas migratorias y una notificaci\u00f3n de color rojo para la inmediata localizaci\u00f3n y captura de Saade Murillo.<\/p>\n\n\n\n<p>La llamada ficha roja se emiti\u00f3 ya que fue imposible para la Procuradur\u00eda de Hidalgo localizar a Gerardo Saade Murillo dentro de territorio mexicano, por lo que fue necesario comenzar a buscarlo en el extranjero.<\/p>\n\n\n\n<p>En el oficio se indica que la fecha de nacimiento del imputado y \u2013 en ese momento- pr\u00f3fugo de la justicia, es el 5 de octubre de 1992. Tambi\u00e9n se advierte que es de nacionalidad mexicana y que cuenta con \u201cuna orden de aprehensi\u00f3n librada por la Jueza de Control adscrita al Primer Circuito Judicial de Pachuca de Soto, Hidalgo, dentro de la<strong>&nbsp;causa penal 899\/2021,<\/strong>&nbsp;por la probable&nbsp; responsabilidad en el delito de homicidio doloso calificado en grado de tentativa\u201d.<\/p>\n\n\n\n<p>\u201cHago de su conocimiento que el referido cuenta con alertas migratorias establecidas ante el Instituto Nacional de Migraci\u00f3n y la OCN INterpol Washington, as\u00ed como notificaci\u00f3n roja, publicada por la Secretar\u00eda General de Interpol el d\u00eda 17 de mayo del 2023, bajo el n\u00famero de control A-4331\/5-2023\u201d, remarca el oficio.<\/p>\n\n\n\n<figure class=\"wp-block-image aligncenter\"><a href=\"https:\/\/editorial.aristeguinoticias.com\/wp-content\/uploads\/2023\/07\/FICHA-ROJA-INTERPOL.jpg\"><img decoding=\"async\" src=\"https:\/\/editorial.aristeguinoticias.com\/wp-content\/uploads\/2023\/07\/FICHA-ROJA-INTERPOL-700x906.jpg\" alt=\"\" class=\"wp-image-1306123\"\/><\/a><\/figure>\n\n\n\n<p>Fuentes de la FGR explicaron que antes de que se emitiera la orden de aprehensi\u00f3n contra Gerardo Saade, el nieto de Murillo Karam hab\u00eda viajado hacia Estados Unidos, pa\u00eds en el que iba a comenzar su b\u00fasqueda.<\/p>\n\n\n\n<p>Sin embargo, una filtraci\u00f3n de la Procuradur\u00eda de Hidalgo o del Poder Judicial de esa misma entidad, alert\u00f3 a Saade Murillo que era buscado en M\u00e9xico, por lo que regres\u00f3 a nuestro pa\u00eds antes de ser detenido en Estados Unidos.<\/p>\n\n\n\n<p>Ya en territorio mexicano, se cumpliment\u00f3 la orden de aprehensi\u00f3n en su contra y el pasado 23 de junio se dio la&nbsp;<strong>audiencia inicial para la presentaci\u00f3n de la imputaci\u00f3n<\/strong>&nbsp;en su contra por parte de la Procuradur\u00eda de Hidalgo, dict\u00e1ndose en un primer momento la prisi\u00f3n preventiva en contra del nieto de Murillo Karam.<\/p>\n\n\n\n<p>Sin embargo,\u00a0<strong>la historia cambi\u00f3 el pasado 27 de junio<\/strong>, fecha en la que fue liberado tras un auto de no vinculaci\u00f3n a proceso dictado por la jueza Janett Montiel Mendoza, pese a que fue la propia juzgadora quien libr\u00f3 la orden de aprehensi\u00f3n contra Gerardo Saade Murillo el 10 de mayo del 2023.<\/p>\n\n\n\n<p>Tras el fallo judicial, el nieto de Murillo Karam<strong>&nbsp;podr\u00eda volver a salir del pa\u00eds<\/strong>&nbsp;y volver a esconderse como lo hizo durante casi dos meses antes de comparecer en audiencia, ya que tampoco cuenta con restricciones migratorias.<\/p>\n\n\n\n<p>La audiencia inicial en la que fue liberado se desarroll\u00f3 de manera privada por decisi\u00f3n de la jueza de Control Janett Montiel y a petici\u00f3n de la defensa del propio Gerardo Saade Murillo, pese a la oposici\u00f3n de la v\u00edctima y del Ministerio P\u00fablico de la Procuradur\u00eda de Hidalgo.<\/p>\n\n\n\n<figure class=\"wp-block-image\"><img decoding=\"async\" src=\"https:\/\/frankly-vod.akamaized.net\/aristegui\/transcoded\/359ecdd7-4d0e-46db-bc7b-2ba1a23bcf3f\/poster.jpg\" alt=\"Gerardo Saade, nieto de Murillo Karam, contaba con \u2018ficha roja\u2019 de Interpol\"\/><\/figure>\n\n\n\n<p><a href=\"https:\/\/aristeguinoticias.com\/1007\/mexico\/gerardo-saade-nieto-de-murillo-karam-contaba-con-ficha-roja-de-interpol\/\">https:\/\/aristeguinoticias.com\/1007\/mexico\/gerardo-saade-nieto-de-murillo-karam-contaba-con-ficha-roja-de-interpol\/<\/a><\/p>\n","protected":false},"excerpt":{"rendered":"<p>Lunes 10 de Julio 2023 El nieto del extitular de la PGR, Jes\u00fas Murillo Karam,&#8230;<\/p>\n","protected":false},"author":3,"featured_media":61230,"comment_status":"closed","ping_status":"closed","sticky":false,"template":"","format":"standard","meta":{"footnotes":""},"categories":[4],"tags":[],"class_list":["post-61229","post","type-post","status-publish","format-standard","has-post-thumbnail","hentry","category-noticias-del-dia"],"_links":{"self":[{"href":"https:\/\/bambapolitica.com.mx\/index.php\/wp-json\/wp\/v2\/posts\/61229","targetHints":{"allow":["GET"]}}],"collection":[{"href":"https:\/\/bambapolitica.com.mx\/index.php\/wp-json\/wp\/v2\/posts"}],"about":[{"href":"https:\/\/bambapolitica.com.mx\/index.php\/wp-json\/wp\/v2\/types\/post"}],"author":[{"embeddable":true,"href":"https:\/\/bambapolitica.com.mx\/index.php\/wp-json\/wp\/v2\/users\/3"}],"replies":[{"embeddable":true,"href":"https:\/\/bambapolitica.com.mx\/index.php\/wp-json\/wp\/v2\/comments?post=61229"}],"version-history":[{"count":1,"href":"https:\/\/bambapolitica.com.mx\/index.php\/wp-json\/wp\/v2\/posts\/61229\/revisions"}],"predecessor-version":[{"id":61231,"href":"https:\/\/bambapolitica.com.mx\/index.php\/wp-json\/wp\/v2\/posts\/61229\/revisions\/61231"}],"wp:featuredmedia":[{"embeddable":true,"href":"https:\/\/bambapolitica.com.mx\/index.php\/wp-json\/wp\/v2\/media\/61230"}],"wp:attachment":[{"href":"https:\/\/bambapolitica.com.mx\/index.php\/wp-json\/wp\/v2\/media?parent=61229"}],"wp:term":[{"taxonomy":"category","embeddable":true,"href":"https:\/\/bambapolitica.com.mx\/index.php\/wp-json\/wp\/v2\/categories?post=61229"},{"taxonomy":"post_tag","embeddable":true,"href":"https:\/\/bambapolitica.com.mx\/index.php\/wp-json\/wp\/v2\/tags?post=61229"}],"curies":[{"name":"wp","href":"https:\/\/api.w.org\/{rel}","templated":true}]}}