{"id":61232,"date":"2023-07-10T12:33:22","date_gmt":"2023-07-10T18:33:22","guid":{"rendered":"http:\/\/bambapolitica.com.mx\/?p=61232"},"modified":"2023-07-10T12:33:24","modified_gmt":"2023-07-10T18:33:24","slug":"linea-12-del-metro-gobierno-de-la-cdmx-falla-a-miles-de-usuarios-que-esperaban-su-reapertura","status":"publish","type":"post","link":"https:\/\/bambapolitica.com.mx\/index.php\/2023\/07\/10\/linea-12-del-metro-gobierno-de-la-cdmx-falla-a-miles-de-usuarios-que-esperaban-su-reapertura\/","title":{"rendered":"L\u00ednea 12 del Metro: Gobierno de la CDMX falla a miles de usuarios que esperaban su reapertura"},"content":{"rendered":"\n<p>Lunes 10 de julio 2023<\/p>\n\n\n\n<h3 class=\"wp-block-heading\">El no haber cumplido con el tiempo estimado de remodelaci\u00f3n terminar\u00e1 por afectar a miles de familias<\/h3>\n\n\n\n<p>La fracci\u00f3n parlamentaria del PAN en el Congreso de la Ciudad de M\u00e9xico lament\u00f3 que el gobierno capitalino le haya fallado a la poblaci\u00f3n, principalmente a quienes viven en Tl\u00e1huac, al no entregar como se hab\u00eda previsto el tramo elevado de la L\u00ednea Dorada del Sistema de Transporte Colectivo (STC) Metro, que se colaps\u00f3 el 3 de mayo de 2021.<\/p>\n\n\n\n<p>Diputados locales panistas consideraron que, en su momento, la entonces jefa de gobierno Claudia Sheinbaum Pardo, le apost\u00f3 por su campa\u00f1a en vez de impulsar la seguridad en la movilidad de la capital del pa\u00eds, as\u00ed como hacer las reparaciones en tiempo y forma de la L\u00edneas 12, tan indispensable para el traslado de quienes viven en el oriente de la metr\u00f3poli<\/p>\n\n\n\n<p>El representante popular del blanquiazul, H\u00e9ctor Barrera Marmolejo, confi\u00f3 en que el Metro y la Secretar\u00eda de Obras y Servicios (SOBSE) de la administraci\u00f3n citadina ofrezcan seguridad y, ante alguna nueva falla u otro desplome para la puesta en marcha de cinco estaciones el s\u00e1bado 15 de julio, Sheinbaum Pardo volver\u00e1 a ser la culpable.<\/p>\n\n\n\n<p>\u201cMuy grave los parches al Metro y m\u00e1s grave es que nadie se haga responsable por tantas fallas. Claudia se fue por la puerta trasera y dej\u00f3 botado el changarro, su mini gobierno cobr\u00f3 muchas vidas y la ciudadan\u00eda debe saber qui\u00e9n es ella verdaderamente, una persona negligente en el servicio p\u00fablico\u201d, refiri\u00f3 Barrera Marmolejo, quien preside la Comisi\u00f3n de Protecci\u00f3n Civil y Gesti\u00f3n Integral de Riesgos en el Congreso.<\/p>\n\n\n\n<p>Al respecto, la congresista de Acci\u00f3n Nacional, Ana Villagr\u00e1n, confirm\u00f3 que el tramo elevado de la l\u00ednea en menci\u00f3n, no funcionar\u00e1 este domingo como se hab\u00eda anunciado con firmeza desde el gobierno capitalino, lo que sin duda dejar\u00e1 nuevamente a los vecinos de Tl\u00e1huac, as\u00ed como de Iztapalapa y Coyoac\u00e1n, principalmente, adem\u00e1s sin servicio, molestos, decepcionados y sin la posibilidad de un transporte r\u00e1pido para moverse despu\u00e9s de dos a\u00f1os.<\/p>\n\n\n\n<p>Y declar\u00f3: \u201cno es la primera vez que esto ocurre, son reiteradas las ocasiones en que el gobierno local y la federaci\u00f3n le han mentido a Tl\u00e1huac, a las v\u00edctimas de la L\u00ednea 12 y a los ciudadanos sobre fantasmales inversiones hist\u00f3ricas en mantenimiento en el Metro\u201d.<\/p>\n\n\n\n<p>Tras exponer que ese medio de transporte tiene muchos problemas, pero Sheinbaum le apost\u00f3 por su campa\u00f1a en vez de impulsar la movilidad, acot\u00f3 que sin lugar a duda la poblaci\u00f3n le pasar\u00e1 la factura a Morena por no contar con la totalidad de la L\u00ednea Dorada.<\/p>\n\n\n\n<p>Mientras, el diputado federal por el PAN, H\u00e9ctor Sa\u00fal T\u00e9llez Hern\u00e1ndez, expuso que este gobierno es insensible con las familias de la zona oriente de la urbe.<\/p>\n\n\n\n<p>Hizo notar que lejos qued\u00f3 aquella promesa de llevar un transporte p\u00fablico masivo de calidad que les permitiera a los capitalinos ahorrar tiempo y dinero para llegar a sus destinos.<\/p>\n\n\n\n<p>\u201cHoy las familias de esta zona pagan m\u00e1s y pierden mucho tiempo en sus trayectos, haciendo m\u00e1s precarias sus condiciones. La L\u00ednea 12 es el ejemplo m\u00e1s evidente de la desmedida corrupci\u00f3n de los gobiernos encabezados por Sheinbaum y Ebrard\u201d, deline\u00f3.<\/p>\n\n\n\n<p>Acot\u00f3 que la corrupci\u00f3n ha tra\u00eddo muerte y el PAN no se detendr\u00e1 en su objetivo de obtener justicia para las familias, as\u00ed como en exigir al gobierno la reactivaci\u00f3n de la L\u00ednea 12 bajo estrictos par\u00e1metros de seguridad para los capitalinos.<\/p>\n\n\n\n<p><a href=\"https:\/\/www.la-prensa.com.mx\/metropoli\/linea-12-del-metro-gobierno-de-la-cdmx-falla-a-miles-de-usuarios-que-esperaban-su-reapertura-10347627.html\">https:\/\/www.la-prensa.com.mx\/metropoli\/linea-12-del-metro-gobierno-de-la-cdmx-falla-a-miles-de-usuarios-que-esperaban-su-reapertura-10347627.html<\/a><\/p>\n","protected":false},"excerpt":{"rendered":"<p>Lunes 10 de julio 2023 El no haber cumplido con el tiempo estimado de remodelaci\u00f3n&#8230;<\/p>\n","protected":false},"author":3,"featured_media":61233,"comment_status":"closed","ping_status":"closed","sticky":false,"template":"","format":"standard","meta":{"footnotes":""},"categories":[4],"tags":[],"class_list":["post-61232","post","type-post","status-publish","format-standard","has-post-thumbnail","hentry","category-noticias-del-dia"],"_links":{"self":[{"href":"https:\/\/bambapolitica.com.mx\/index.php\/wp-json\/wp\/v2\/posts\/61232","targetHints":{"allow":["GET"]}}],"collection":[{"href":"https:\/\/bambapolitica.com.mx\/index.php\/wp-json\/wp\/v2\/posts"}],"about":[{"href":"https:\/\/bambapolitica.com.mx\/index.php\/wp-json\/wp\/v2\/types\/post"}],"author":[{"embeddable":true,"href":"https:\/\/bambapolitica.com.mx\/index.php\/wp-json\/wp\/v2\/users\/3"}],"replies":[{"embeddable":true,"href":"https:\/\/bambapolitica.com.mx\/index.php\/wp-json\/wp\/v2\/comments?post=61232"}],"version-history":[{"count":1,"href":"https:\/\/bambapolitica.com.mx\/index.php\/wp-json\/wp\/v2\/posts\/61232\/revisions"}],"predecessor-version":[{"id":61234,"href":"https:\/\/bambapolitica.com.mx\/index.php\/wp-json\/wp\/v2\/posts\/61232\/revisions\/61234"}],"wp:featuredmedia":[{"embeddable":true,"href":"https:\/\/bambapolitica.com.mx\/index.php\/wp-json\/wp\/v2\/media\/61233"}],"wp:attachment":[{"href":"https:\/\/bambapolitica.com.mx\/index.php\/wp-json\/wp\/v2\/media?parent=61232"}],"wp:term":[{"taxonomy":"category","embeddable":true,"href":"https:\/\/bambapolitica.com.mx\/index.php\/wp-json\/wp\/v2\/categories?post=61232"},{"taxonomy":"post_tag","embeddable":true,"href":"https:\/\/bambapolitica.com.mx\/index.php\/wp-json\/wp\/v2\/tags?post=61232"}],"curies":[{"name":"wp","href":"https:\/\/api.w.org\/{rel}","templated":true}]}}