{"id":61235,"date":"2023-07-10T12:34:22","date_gmt":"2023-07-10T18:34:22","guid":{"rendered":"http:\/\/bambapolitica.com.mx\/?p=61235"},"modified":"2023-07-10T12:34:25","modified_gmt":"2023-07-10T18:34:25","slug":"presentan-libro-coleccion-nezareth-tierra-prometida","status":"publish","type":"post","link":"https:\/\/bambapolitica.com.mx\/index.php\/2023\/07\/10\/presentan-libro-coleccion-nezareth-tierra-prometida\/","title":{"rendered":"PRESENTAN LIBRO COLECCI\u00d3N \u00abNEZARETH\u00bb, TIERRA PROMETIDA"},"content":{"rendered":"\n<p>Lunes 10 de julio 2023<\/p>\n\n\n\n<p>\u2022 Es obra del narrador, ensayista, poeta, profesor y autor de libros did\u00e1cticos mexicano, Abel Velasco Serrano, quien realiz\u00f3 sus estudios elementales en su pueblo natal, Nezahualc\u00f3yotl.<\/p>\n\n\n\n<p>\u2022 Explica que son 10 tomos de la colecci\u00f3n \u00abNezareth\u00bb, cada uno tiene entre 30 y 35 p\u00e1ginas.<\/p>\n\n\n\n<p>#Nezahualc\u00f3yotl, #Estado de M\u00e9xico, 10 de julio de 2023. Desde el Centro Regional de Cultura Nezahualc\u00f3yotl, administrado por la Secretar\u00eda de Cultura y Turismo, se llev\u00f3 a cabo la presentaci\u00f3n del libro Colecci\u00f3n \u00abNezareth\u00bb (Tierra prometida), Tomo: La Normal 7-1.<\/p>\n\n\n\n<p>Esta obra es autor\u00eda del narrador, ensayista, poeta, profesor y autor de libros did\u00e1cticos mexicano Abel Velasco Serrano, quien realiz\u00f3 sus estudios elementales en su pueblo natal, Nezahualc\u00f3yotl.<\/p>\n\n\n\n<p>\u201cBajo las noches de este mes de septiembre, la penumbra se hizo presente; la luna en plata era la \u00fanica luz que iluminar\u00eda las t\u00edmidas casas que flotaban sobre el roc\u00edo que se desprend\u00eda del suelo con aguas putrefactas.<\/p>\n\n\n\n<p>\u201cResiduos de polvo golpearon los rostros juveniles, con fin\u00edsimos granos de sal, arrastrados por la fuerza que llevaba el viento en las noches que no vuelves; pero que golpean los sue\u00f1os\u201d, ley\u00f3 Velasco Serrano ante el p\u00fablico.<\/p>\n\n\n\n<figure class=\"wp-block-image\"><a href=\"https:\/\/i0.wp.com\/reporterosenmovimiento.com\/wp-content\/uploads\/2023\/07\/WhatsApp-Image-2023-07-10-at-10.59.11-AM-1-1.jpeg?ssl=1\"><img decoding=\"async\" src=\"https:\/\/i0.wp.com\/reporterosenmovimiento.com\/wp-content\/uploads\/2023\/07\/WhatsApp-Image-2023-07-10-at-10.59.11-AM-1-1.jpeg?resize=640%2C481&amp;ssl=1\" alt=\"\" class=\"wp-image-478558\"\/><\/a><\/figure>\n\n\n\n<p>En su obra \u201cNezareth\u201d (Tierra prometida), Tomo: La Normal 7-1, Velasco Serrano habla de c\u00f3mo un grupo de j\u00f3venes lograron fundar la gran Normal 7, que hoy se yergue con el firme prop\u00f3sito de educar para la libertad.<\/p>\n\n\n\n<p>Dijo que esta colecci\u00f3n retrata c\u00f3mo, ante tanta carencia y problemas, germinaron luchadores sociales juveniles que sin tener todo, lo hicieron bajo la unidad de la hermandad, hombro con hombro y en medio de la nada se levant\u00f3 el esp\u00edritu normalista.<\/p>\n\n\n\n<p>Trata tambi\u00e9n de c\u00f3mo se fund\u00f3 el primer peri\u00f3dico normalista y uno de los primeros ensayos sobre la fundaci\u00f3n de Ciudad Nezahualc\u00f3yotl. Adem\u00e1s de la creaci\u00f3n del \u00abrealismo absurdo\u00bb, pensamiento racional\u2013irracional de la conducta extravagante y absurdista, con la s\u00e1tira.<\/p>\n\n\n\n<p>La participaci\u00f3n del p\u00fablico nutri\u00f3 m\u00e1s esta presentaci\u00f3n, la cual estuvo a cargo del profesor Eberto Ruiz Morquecho, quien invit\u00f3 a leer el resto de la obra.<\/p>\n\n\n\n<p>Dentro de la actividad explicaron que en total son 10 tomos de la colecci\u00f3n \u00abNezareth\u00bb, cada uno tiene entre 30 y 35 p\u00e1ginas, en ellas se plasmaron algunas experiencias del autor, as\u00ed como vivencias que tuvo en el lugar que lo vio nacer, Nezahualc\u00f3yotl.<\/p>\n\n\n\n<figure class=\"wp-block-embed is-type-wp-embed is-provider-reporteros-en-movimiento wp-block-embed-reporteros-en-movimiento\"><div class=\"wp-block-embed__wrapper\">\n<blockquote class=\"wp-embedded-content\" data-secret=\"tTBZoGXnJf\"><a href=\"https:\/\/reporterosenmovimiento.com\/2023\/07\/10\/presentan-libro-coleccion-nezareth-tierra-prometida\/\">PRESENTAN LIBRO COLECCI\u00d3N \u00abNEZARETH\u00bb, TIERRA PROMETIDA<\/a><\/blockquote><iframe loading=\"lazy\" class=\"wp-embedded-content\" sandbox=\"allow-scripts\" security=\"restricted\" style=\"position: absolute; visibility: hidden;\" title=\"\u00abPRESENTAN LIBRO COLECCI\u00d3N \u00abNEZARETH\u00bb, TIERRA PROMETIDA\u00bb \u2014 Reporteros en Movimiento\" src=\"https:\/\/reporterosenmovimiento.com\/2023\/07\/10\/presentan-libro-coleccion-nezareth-tierra-prometida\/embed\/#?secret=4wozvYw1Uf#?secret=tTBZoGXnJf\" data-secret=\"tTBZoGXnJf\" width=\"600\" height=\"338\" frameborder=\"0\" marginwidth=\"0\" marginheight=\"0\" scrolling=\"no\"><\/iframe>\n<\/div><\/figure>\n","protected":false},"excerpt":{"rendered":"<p>Lunes 10 de julio 2023 \u2022 Es obra del narrador, ensayista, poeta, profesor y autor&#8230;<\/p>\n","protected":false},"author":3,"featured_media":0,"comment_status":"closed","ping_status":"closed","sticky":false,"template":"","format":"standard","meta":{"footnotes":""},"categories":[1],"tags":[],"class_list":["post-61235","post","type-post","status-publish","format-standard","hentry","category-uncategorized"],"_links":{"self":[{"href":"https:\/\/bambapolitica.com.mx\/index.php\/wp-json\/wp\/v2\/posts\/61235","targetHints":{"allow":["GET"]}}],"collection":[{"href":"https:\/\/bambapolitica.com.mx\/index.php\/wp-json\/wp\/v2\/posts"}],"about":[{"href":"https:\/\/bambapolitica.com.mx\/index.php\/wp-json\/wp\/v2\/types\/post"}],"author":[{"embeddable":true,"href":"https:\/\/bambapolitica.com.mx\/index.php\/wp-json\/wp\/v2\/users\/3"}],"replies":[{"embeddable":true,"href":"https:\/\/bambapolitica.com.mx\/index.php\/wp-json\/wp\/v2\/comments?post=61235"}],"version-history":[{"count":1,"href":"https:\/\/bambapolitica.com.mx\/index.php\/wp-json\/wp\/v2\/posts\/61235\/revisions"}],"predecessor-version":[{"id":61236,"href":"https:\/\/bambapolitica.com.mx\/index.php\/wp-json\/wp\/v2\/posts\/61235\/revisions\/61236"}],"wp:attachment":[{"href":"https:\/\/bambapolitica.com.mx\/index.php\/wp-json\/wp\/v2\/media?parent=61235"}],"wp:term":[{"taxonomy":"category","embeddable":true,"href":"https:\/\/bambapolitica.com.mx\/index.php\/wp-json\/wp\/v2\/categories?post=61235"},{"taxonomy":"post_tag","embeddable":true,"href":"https:\/\/bambapolitica.com.mx\/index.php\/wp-json\/wp\/v2\/tags?post=61235"}],"curies":[{"name":"wp","href":"https:\/\/api.w.org\/{rel}","templated":true}]}}