{"id":61238,"date":"2023-07-11T11:55:24","date_gmt":"2023-07-11T17:55:24","guid":{"rendered":"http:\/\/bambapolitica.com.mx\/?p=61238"},"modified":"2023-07-11T11:55:34","modified_gmt":"2023-07-11T17:55:34","slug":"detienen-a-patricia-n-presunta-responsable-de-rapto-y-muerte-de-paola-michelle","status":"publish","type":"post","link":"https:\/\/bambapolitica.com.mx\/index.php\/2023\/07\/11\/detienen-a-patricia-n-presunta-responsable-de-rapto-y-muerte-de-paola-michelle\/","title":{"rendered":"Detienen a Patricia &#8220;N&#8221;, presunta responsable de rapto y muerte de Paola Michelle"},"content":{"rendered":"\n<p>Martes 11 de julio 2023<\/p>\n\n\n\n<h3 class=\"wp-block-heading\">Sus dos hijos ya est\u00e1n bajo resguardo de las autoridades del DIF<\/h3>\n\n\n\n<p>Una mujer, relacionada a la&nbsp;<strong>desaparici\u00f3n y muerte de Paola Michelle<\/strong>, fue detenida por las autoridades, mientras los dos menores de edad ya se encuentran bajo el resguardo de la&nbsp;<strong>Fiscal\u00eda General de Justicia (FGJ), as\u00ed como del Sistema Nacional para el Desarrollo Integral de la Familia (DIF).<\/strong><\/p>\n\n\n\n<p><strong>La titular de la FGJ, Ernestina Godoy Ramos,<\/strong>&nbsp;inform\u00f3 que los dos menores hijos de la v\u00edctima, una beb\u00e9 de tres meses de nacida y un peque\u00f1o de un a\u00f1o con seis meses se encuentran a salvo tras la detenci\u00f3n de Patricia \u201cN\u201d.<\/p>\n\n\n\n<p>\u201cEsta Fiscal\u00eda tiene sujeta a investigaci\u00f3n a Patricia \u201cN\u201d, por su probable participaci\u00f3n en la&nbsp;<strong>desaparici\u00f3n de Paola Michelle y sus dos peque\u00f1os<\/strong>, quienes les reitero, se encuentran sanos y salvos\u201d, dio a conocer Godoy Ramos en conferencia de prensa.<\/p>\n\n\n\n<p>Tras las primeras investigaciones se supo que, horas antes de su ausencia, la v\u00edctima sali\u00f3 a visitar a una mujer que supuestamente le realizar\u00eda una donaci\u00f3n, previo a su desaparici\u00f3n.<\/p>\n\n\n\n<p>Asimismo, la fiscal, agreg\u00f3 que la imputada \u201cse encuentra a disposici\u00f3n del\u00a0<strong>Ministerio P\u00fablico, luego de que detectives de la Polic\u00eda de Investigaci\u00f3n<\/strong>\u00a0la detuvieron y rescataron a la beb\u00e9 de tres meses de edad, hija de Paola Michelle, la cual se encontraba privada de su libertad en el\u00a0<strong>hotel de Los Reyes La Paz, municipio del Estado de M\u00e9xico\u201d.<\/strong><\/p>\n\n\n\n<p>Tanto Patricia \u201cN\u201d, como la beb\u00e9, fueron trasladadas a la Fiscal\u00eda de Investigaci\u00f3n del Delito de Secuestro.<\/p>\n\n\n\n<p>Paola Michelle fue reportada como ausente el pasado 5 de julio ante la Fiscal\u00eda de Investigaci\u00f3n y B\u00fasqueda de Personas Desaparecidas, luego de que fue vista por \u00faltima vez en la&nbsp;<strong>colonia Barrio Xaltocan, en la alcald\u00eda Xochimilco,<\/strong>&nbsp;junto con sus dos menores hijos.<\/p>\n\n\n\n<p>Previamente, personal de esta Fiscal\u00eda pudo ubicar el paradero del ni\u00f1o de un a\u00f1o seis meses, quien se encuentra bajo resguardo del DIF, luego de que fue localizado deambulando en calles de la&nbsp;<strong>alcald\u00eda Coyoac\u00e1n.<\/strong><\/p>\n\n\n\n<p>El cad\u00e1ver de la joven de 18 a\u00f1os, fue encontrado en estado de descomposici\u00f3n en el paraje de\u00a0<strong>Tepeitec, pueblo de San Miguel Topilejo, en la alcald\u00eda Tlalpan, el 8 de julio.<\/strong><\/p>\n\n\n\n<p><a href=\"https:\/\/www.la-prensa.com.mx\/incoming\/detienen-a-patricia-n-presunta-responsable-de-rapto-y-muerte-de-paola-michelle-10356510.html\">https:\/\/www.la-prensa.com.mx\/incoming\/detienen-a-patricia-n-presunta-responsable-de-rapto-y-muerte-de-paola-michelle-10356510.html<\/a><\/p>\n","protected":false},"excerpt":{"rendered":"<p>Martes 11 de julio 2023 Sus dos hijos ya est\u00e1n bajo resguardo de las autoridades&#8230;<\/p>\n","protected":false},"author":3,"featured_media":61239,"comment_status":"closed","ping_status":"closed","sticky":false,"template":"","format":"standard","meta":{"footnotes":""},"categories":[4],"tags":[],"class_list":["post-61238","post","type-post","status-publish","format-standard","has-post-thumbnail","hentry","category-noticias-del-dia"],"_links":{"self":[{"href":"https:\/\/bambapolitica.com.mx\/index.php\/wp-json\/wp\/v2\/posts\/61238","targetHints":{"allow":["GET"]}}],"collection":[{"href":"https:\/\/bambapolitica.com.mx\/index.php\/wp-json\/wp\/v2\/posts"}],"about":[{"href":"https:\/\/bambapolitica.com.mx\/index.php\/wp-json\/wp\/v2\/types\/post"}],"author":[{"embeddable":true,"href":"https:\/\/bambapolitica.com.mx\/index.php\/wp-json\/wp\/v2\/users\/3"}],"replies":[{"embeddable":true,"href":"https:\/\/bambapolitica.com.mx\/index.php\/wp-json\/wp\/v2\/comments?post=61238"}],"version-history":[{"count":1,"href":"https:\/\/bambapolitica.com.mx\/index.php\/wp-json\/wp\/v2\/posts\/61238\/revisions"}],"predecessor-version":[{"id":61240,"href":"https:\/\/bambapolitica.com.mx\/index.php\/wp-json\/wp\/v2\/posts\/61238\/revisions\/61240"}],"wp:featuredmedia":[{"embeddable":true,"href":"https:\/\/bambapolitica.com.mx\/index.php\/wp-json\/wp\/v2\/media\/61239"}],"wp:attachment":[{"href":"https:\/\/bambapolitica.com.mx\/index.php\/wp-json\/wp\/v2\/media?parent=61238"}],"wp:term":[{"taxonomy":"category","embeddable":true,"href":"https:\/\/bambapolitica.com.mx\/index.php\/wp-json\/wp\/v2\/categories?post=61238"},{"taxonomy":"post_tag","embeddable":true,"href":"https:\/\/bambapolitica.com.mx\/index.php\/wp-json\/wp\/v2\/tags?post=61238"}],"curies":[{"name":"wp","href":"https:\/\/api.w.org\/{rel}","templated":true}]}}