{"id":61323,"date":"2023-07-13T12:38:00","date_gmt":"2023-07-13T18:38:00","guid":{"rendered":"http:\/\/bambapolitica.com.mx\/?p=61323"},"modified":"2023-07-13T12:38:17","modified_gmt":"2023-07-13T18:38:17","slug":"fgr-captura-a-otro-militar-involucrado-en-el-caso-ayotzinapa","status":"publish","type":"post","link":"https:\/\/bambapolitica.com.mx\/index.php\/2023\/07\/13\/fgr-captura-a-otro-militar-involucrado-en-el-caso-ayotzinapa\/","title":{"rendered":"FGR captura a otro militar involucrado en el caso Ayotzinapa"},"content":{"rendered":"\n<p>Jueves 13 de Julio 2023<\/p>\n\n\n\n<h2 class=\"wp-block-heading\">Francisco Narv\u00e1ez P\u00e9rez es acusado por su probable responsabilidad en el delito de desaparici\u00f3n forzada.<\/h2>\n\n\n\n<p>La Fiscal\u00eda General de la Rep\u00fablica (FGR) aprehendi\u00f3 al ex militar Francisco Narv\u00e1ez P\u00e9rez, quien presuntamente est\u00e1 involucrado en el caso de la desaparici\u00f3n de los 43 normalistas de Ayotzinapa.&nbsp;Un juez federal orden\u00f3 su aprehensi\u00f3n por su presunta responsabilidad en el delito de desaparici\u00f3n forzada. Se sabe que el militar caus\u00f3 baja del Ej\u00e9rcito en octubre de 2015, es decir, un a\u00f1o despu\u00e9s de la desaparici\u00f3n de los estudiantes.<\/p>\n\n\n\n<p>De acuerdo con el Registro Nacional de Detenciones, Francisco Narv\u00e1ez P\u00e9rez fue localizado en la colonia Centro en la ciudad de Quer\u00e9taro. Con su captura suman diez militares detenidos por la FGR y a\u00fan faltan seis m\u00e1s por ser encontrados.<\/p>\n\n\n\n<p>Sentencian a 20 a\u00f1os de c\u00e1rcel a &#8216;El Carrete&#8217;, l\u00edder de Los Rojos, relacionado con caso Ayotzinapa<\/p>\n\n\n\n<p>En junio pasado, Raquel Ivette Duarte Cedillo, jueza Segundo de Distrito en Procesos Penales Federales con sede en Toluca, orden\u00f3 la aprehensi\u00f3n de 16 militares del 27 y 41 Batall\u00f3n de Infanter\u00eda en Iguala, Guerrero.<\/p>\n\n\n\n<p>Hace unos d\u00edas, elementos de la Polic\u00eda Federal Ministerial de la FGR localizaron y detuvieron al ex comandante del 41 Batall\u00f3n de Infanter\u00eda de Iguala, Guerrero, el General en retiro Rafael Hern\u00e1ndez Nieto, convirti\u00e9ndose en el segundo militar de m\u00e1s alto rango que es capturado por el caso Ayotzinapa.<\/p>\n\n\n\n<p>Actualmente suman 14 militares en la prisi\u00f3n del Campo Militar 1-A, entre ellos, el general Jos\u00e9 Rodr\u00edguez P\u00e9rez, el capit\u00e1n Jos\u00e9 Mart\u00ednez Crespo, el subteniente Fabi\u00e1n Pirita Ochoa, y el sargento Eduardo Mota Esquivel, algunos de ellos contra los que se cumplimentaron \u00f3rdenes de aprehensi\u00f3n del a\u00f1o pasado.<br><\/p>\n\n\n\n<p><a href=\"https:\/\/www.milenio.com\/policia\/por-caso-ayotzinapa-fgr-captura-militar-involucrado\">https:\/\/www.milenio.com\/policia\/por-caso-ayotzinapa-fgr-captura-militar-involucrado<\/a><\/p>\n","protected":false},"excerpt":{"rendered":"<p>Jueves 13 de Julio 2023 Francisco Narv\u00e1ez P\u00e9rez es acusado por su probable responsabilidad en&#8230;<\/p>\n","protected":false},"author":3,"featured_media":61325,"comment_status":"closed","ping_status":"closed","sticky":false,"template":"","format":"standard","meta":{"footnotes":""},"categories":[4],"tags":[],"class_list":["post-61323","post","type-post","status-publish","format-standard","has-post-thumbnail","hentry","category-noticias-del-dia"],"_links":{"self":[{"href":"https:\/\/bambapolitica.com.mx\/index.php\/wp-json\/wp\/v2\/posts\/61323","targetHints":{"allow":["GET"]}}],"collection":[{"href":"https:\/\/bambapolitica.com.mx\/index.php\/wp-json\/wp\/v2\/posts"}],"about":[{"href":"https:\/\/bambapolitica.com.mx\/index.php\/wp-json\/wp\/v2\/types\/post"}],"author":[{"embeddable":true,"href":"https:\/\/bambapolitica.com.mx\/index.php\/wp-json\/wp\/v2\/users\/3"}],"replies":[{"embeddable":true,"href":"https:\/\/bambapolitica.com.mx\/index.php\/wp-json\/wp\/v2\/comments?post=61323"}],"version-history":[{"count":1,"href":"https:\/\/bambapolitica.com.mx\/index.php\/wp-json\/wp\/v2\/posts\/61323\/revisions"}],"predecessor-version":[{"id":61326,"href":"https:\/\/bambapolitica.com.mx\/index.php\/wp-json\/wp\/v2\/posts\/61323\/revisions\/61326"}],"wp:featuredmedia":[{"embeddable":true,"href":"https:\/\/bambapolitica.com.mx\/index.php\/wp-json\/wp\/v2\/media\/61325"}],"wp:attachment":[{"href":"https:\/\/bambapolitica.com.mx\/index.php\/wp-json\/wp\/v2\/media?parent=61323"}],"wp:term":[{"taxonomy":"category","embeddable":true,"href":"https:\/\/bambapolitica.com.mx\/index.php\/wp-json\/wp\/v2\/categories?post=61323"},{"taxonomy":"post_tag","embeddable":true,"href":"https:\/\/bambapolitica.com.mx\/index.php\/wp-json\/wp\/v2\/tags?post=61323"}],"curies":[{"name":"wp","href":"https:\/\/api.w.org\/{rel}","templated":true}]}}