{"id":61350,"date":"2023-07-14T11:57:40","date_gmt":"2023-07-14T17:57:40","guid":{"rendered":"http:\/\/bambapolitica.com.mx\/?p=61350"},"modified":"2023-07-14T11:57:43","modified_gmt":"2023-07-14T17:57:43","slug":"fiscalia-de-guerrero-abre-investigacion-contra-alcaldesa-de-chilpancingo","status":"publish","type":"post","link":"https:\/\/bambapolitica.com.mx\/index.php\/2023\/07\/14\/fiscalia-de-guerrero-abre-investigacion-contra-alcaldesa-de-chilpancingo\/","title":{"rendered":"Fiscal\u00eda de Guerrero abre investigaci\u00f3n contra alcaldesa de Chilpancingo"},"content":{"rendered":"\n<p>Viernes 14 de Julio 2023<\/p>\n\n\n\n<p>La titular de la Fiscal\u00eda General del Estado (FGE) de Guerrero, Sandra Luz Valdovinos Salmer\u00f3n, inform\u00f3 que se inici\u00f3 una carpeta de investigaci\u00f3n contra la alcaldesa de Chilpancingo, Norma Otilia Hern\u00e1ndez, por la supuesta reuni\u00f3n que sostuvo con el presunto l\u00edder de la organizaci\u00f3n criminal &#8220;Los Ardillos&#8221;.<\/p>\n\n\n\n<p>La fiscal Valdovinos Salmer\u00f3n mencion\u00f3 que existen varias l\u00edneas de investigaci\u00f3n para determinar si existe alg\u00fan delito del fuero com\u00fan o federal.<\/p>\n\n\n\n<p>Asimismo, a\u00f1adi\u00f3 que de ser necesario, la Fiscal\u00eda estatal declinar\u00e1 en su momento la competencia a la Fiscal\u00eda General de la Rep\u00fablica (FGR).<\/p>\n\n\n\n<p>\u201cYa se inici\u00f3 la carpeta de investigaci\u00f3n correspondiente, sin embargo, tambi\u00e9n por cualquier otro delito del orden com\u00fan que pueda ser competencia de la fiscal\u00eda general del estado, nosotros tambi\u00e9n haremos la investigaci\u00f3n correspondiente y si es necesario declinaremos en su momento la competencia a la FGR\u201d, se\u00f1al\u00f3.<\/p>\n\n\n\n<p>Luego de que la presidenta municipal de Chilpancingo apareci\u00f3 en algunas im\u00e1genes junto al presunto l\u00edder criminal del grupo Los Ardillos, identificado como Celso Ortega Jim\u00e9nez, y que confirm\u00f3 que fue invitada a un desayuno, surgi\u00f3 un audio en el que se revela parte de lo que se habl\u00f3 en dicha ocasi\u00f3n.<\/p>\n\n\n\n<p>En el material se puede escuchar que la morenista asegura que se ha esforzado por &#8220;sacar lana&#8221; y los primeros reportes indicaron que la mujer se quej\u00f3 con el supuesto cabecilla del grupo criminal debido a que, respecto a la estrategia de seguridad, el gobierno federal no la toma en cuenta.<\/p>\n\n\n\n<p>&#8220;Yo mat\u00e1ndome, buscando la forma para sacar lana, para cubrir esto, para cubrir el otro&#8221;.<\/p>\n\n\n\n<p>Pero el pasado 5 de julio -fecha en la que se dieron a conocer las im\u00e1genes de la reuni\u00f3n-, la mandataria se\u00f1al\u00f3 que el encuentro fue fortuito y que el video estaba editado.<\/p>\n\n\n\n<p>De acuerdo a la prensa local, el restaurante donde sucedi\u00f3 el encuentro se localiza en la comunidad de San Mart\u00edn, en el municipio de Quechultenango, zona que est\u00e1 bajo el control de &#8220;Los Ardillos&#8221;.<\/p>\n\n\n\n<p><\/p>\n\n\n\n<p><a href=\"https:\/\/www.contrareplica.mx\/nota-Fiscalia-de-Guerrero-abre-investigacion-contra-alcaldesa-de-Chilpancingo-202314723\">https:\/\/www.contrareplica.mx\/nota-Fiscalia-de-Guerrero-abre-investigacion-contra-alcaldesa-de-Chilpancingo-202314723<\/a><\/p>\n","protected":false},"excerpt":{"rendered":"<p>Viernes 14 de Julio 2023 La titular de la Fiscal\u00eda General del Estado (FGE) de&#8230;<\/p>\n","protected":false},"author":3,"featured_media":61351,"comment_status":"closed","ping_status":"closed","sticky":false,"template":"","format":"standard","meta":{"footnotes":""},"categories":[4],"tags":[],"class_list":["post-61350","post","type-post","status-publish","format-standard","has-post-thumbnail","hentry","category-noticias-del-dia"],"_links":{"self":[{"href":"https:\/\/bambapolitica.com.mx\/index.php\/wp-json\/wp\/v2\/posts\/61350","targetHints":{"allow":["GET"]}}],"collection":[{"href":"https:\/\/bambapolitica.com.mx\/index.php\/wp-json\/wp\/v2\/posts"}],"about":[{"href":"https:\/\/bambapolitica.com.mx\/index.php\/wp-json\/wp\/v2\/types\/post"}],"author":[{"embeddable":true,"href":"https:\/\/bambapolitica.com.mx\/index.php\/wp-json\/wp\/v2\/users\/3"}],"replies":[{"embeddable":true,"href":"https:\/\/bambapolitica.com.mx\/index.php\/wp-json\/wp\/v2\/comments?post=61350"}],"version-history":[{"count":1,"href":"https:\/\/bambapolitica.com.mx\/index.php\/wp-json\/wp\/v2\/posts\/61350\/revisions"}],"predecessor-version":[{"id":61352,"href":"https:\/\/bambapolitica.com.mx\/index.php\/wp-json\/wp\/v2\/posts\/61350\/revisions\/61352"}],"wp:featuredmedia":[{"embeddable":true,"href":"https:\/\/bambapolitica.com.mx\/index.php\/wp-json\/wp\/v2\/media\/61351"}],"wp:attachment":[{"href":"https:\/\/bambapolitica.com.mx\/index.php\/wp-json\/wp\/v2\/media?parent=61350"}],"wp:term":[{"taxonomy":"category","embeddable":true,"href":"https:\/\/bambapolitica.com.mx\/index.php\/wp-json\/wp\/v2\/categories?post=61350"},{"taxonomy":"post_tag","embeddable":true,"href":"https:\/\/bambapolitica.com.mx\/index.php\/wp-json\/wp\/v2\/tags?post=61350"}],"curies":[{"name":"wp","href":"https:\/\/api.w.org\/{rel}","templated":true}]}}