{"id":61368,"date":"2023-07-14T12:51:09","date_gmt":"2023-07-14T18:51:09","guid":{"rendered":"http:\/\/bambapolitica.com.mx\/?p=61368"},"modified":"2023-07-14T13:15:06","modified_gmt":"2023-07-14T19:15:06","slug":"el-peso-esta-fortachon-y-de-esto-no-dicen-nada-los-medios-amlo","status":"publish","type":"post","link":"https:\/\/bambapolitica.com.mx\/index.php\/2023\/07\/14\/el-peso-esta-fortachon-y-de-esto-no-dicen-nada-los-medios-amlo\/","title":{"rendered":"&#8220;El peso est\u00e1 fortach\u00f3n y de esto no dicen nada los medios&#8221;: AMLO"},"content":{"rendered":"\n<p>Viernes 14 de Julio 2023 <\/p>\n\n\n\n<p><em>La Paz, BCS.<\/em>&nbsp;Sin mediar pregunta, para dar por concluida la conferencia, el presidente Andr\u00e9s Manuel L\u00f3pez Obrador lanz\u00f3: \u201cya basta de simulaci\u00f3n, a ver \u00bfc\u00f3mo est\u00e1 el d\u00f3lar?\u201d. Tras insistir en su consideraci\u00f3n de que los medios de comunicaci\u00f3n manipulan la informaci\u00f3n mostr\u00f3 la cotizaci\u00f3n del d\u00f3lar: 16.81 pesos. \u201cEl peso est\u00e1 fuerte, est\u00e1 fortach\u00f3n y de esto no dicen nada los medios\u201d.<\/p>\n\n\n\n<p>L\u00f3pez Obrador dijo que \u201cYa basta de la simulaci\u00f3n a ver c\u00f3mo est\u00e1 el d\u00f3lar. Ya basta que grupos de intereses creados, econ\u00f3micos, controlen medios de informaci\u00f3n, Ya no es el cuarto poder ya quieren ser el primer poder de la rep\u00fablica,ya con el manejo de lo medi\u00e1tico, la manipulaci\u00f3n quieren dominar imponerse y nos han hecho mucho da\u00f1o hist\u00f3ricamente, sobre todo en la historia reciente enga\u00f1ando\u201d.<\/p>\n\n\n\n<p>Volvi\u00f3 a referir que en el sexenio de Felipe Calder\u00f3n y su secretario de seguridad P\u00fablica Genaro Garc\u00eda Luna: \u201custedes creen que no se enteraban de medios de manipulaci\u00f3n de lo que hac\u00eda Garc\u00eda Luna. Muchas gasta eta c\u00f3mplices, es un buen tema, antes no se pod\u00eda tocar a los intocables, ese tema no se abordaba. Estaba vedado, dec\u00edan si te metes te va ir muy mal\u2026 el que se mete a redentor termina crucificado<\/p>\n\n\n\n<p>Y m\u00e1s adelante, con iron\u00eda, pidi\u00f3 que se difundiera nuevamente la encuesta mundial sobre popularidad de los jefes de estado para que los conservadores no pierdan el buen humor\u201d. En el sondeo mantiene el segundo lugar a nivel mundial con el 61 por ciento de respaldo.<\/p>\n\n\n\n<p><a href=\"https:\/\/www.jornada.com.mx\/notas\/2023\/07\/14\/politica\/el-peso-esta-fortachon-y-de-esto-no-dicen-nada-los-medios-amlo\/\">https:\/\/www.jornada.com.mx\/notas\/2023\/07\/14\/politica\/el-peso-esta-fortachon-y-de-esto-no-dicen-nada-los-medios-amlo\/<\/a><\/p>\n","protected":false},"excerpt":{"rendered":"<p>Viernes 14 de Julio 2023 La Paz, BCS.&nbsp;Sin mediar pregunta, para dar por concluida la&#8230;<\/p>\n","protected":false},"author":3,"featured_media":61369,"comment_status":"closed","ping_status":"closed","sticky":false,"template":"","format":"standard","meta":{"footnotes":""},"categories":[4],"tags":[],"class_list":["post-61368","post","type-post","status-publish","format-standard","has-post-thumbnail","hentry","category-noticias-del-dia"],"_links":{"self":[{"href":"https:\/\/bambapolitica.com.mx\/index.php\/wp-json\/wp\/v2\/posts\/61368","targetHints":{"allow":["GET"]}}],"collection":[{"href":"https:\/\/bambapolitica.com.mx\/index.php\/wp-json\/wp\/v2\/posts"}],"about":[{"href":"https:\/\/bambapolitica.com.mx\/index.php\/wp-json\/wp\/v2\/types\/post"}],"author":[{"embeddable":true,"href":"https:\/\/bambapolitica.com.mx\/index.php\/wp-json\/wp\/v2\/users\/3"}],"replies":[{"embeddable":true,"href":"https:\/\/bambapolitica.com.mx\/index.php\/wp-json\/wp\/v2\/comments?post=61368"}],"version-history":[{"count":2,"href":"https:\/\/bambapolitica.com.mx\/index.php\/wp-json\/wp\/v2\/posts\/61368\/revisions"}],"predecessor-version":[{"id":61376,"href":"https:\/\/bambapolitica.com.mx\/index.php\/wp-json\/wp\/v2\/posts\/61368\/revisions\/61376"}],"wp:featuredmedia":[{"embeddable":true,"href":"https:\/\/bambapolitica.com.mx\/index.php\/wp-json\/wp\/v2\/media\/61369"}],"wp:attachment":[{"href":"https:\/\/bambapolitica.com.mx\/index.php\/wp-json\/wp\/v2\/media?parent=61368"}],"wp:term":[{"taxonomy":"category","embeddable":true,"href":"https:\/\/bambapolitica.com.mx\/index.php\/wp-json\/wp\/v2\/categories?post=61368"},{"taxonomy":"post_tag","embeddable":true,"href":"https:\/\/bambapolitica.com.mx\/index.php\/wp-json\/wp\/v2\/tags?post=61368"}],"curies":[{"name":"wp","href":"https:\/\/api.w.org\/{rel}","templated":true}]}}