{"id":61518,"date":"2023-07-20T11:15:46","date_gmt":"2023-07-20T17:15:46","guid":{"rendered":"http:\/\/bambapolitica.com.mx\/?p=61518"},"modified":"2023-07-20T11:15:55","modified_gmt":"2023-07-20T17:15:55","slug":"rinden-homenaje-postumo-al-cronista-texcocano-alejandro-contla-carmona-en-la-escuela-secundaria-leon-portilla","status":"publish","type":"post","link":"https:\/\/bambapolitica.com.mx\/index.php\/2023\/07\/20\/rinden-homenaje-postumo-al-cronista-texcocano-alejandro-contla-carmona-en-la-escuela-secundaria-leon-portilla\/","title":{"rendered":"RINDEN HOMENAJE P\u00d3STUMO AL CRONISTA TEXCOCANO ALEJANDRO CONTLA CARMONA, EN LA ESCUELA SECUNDARIA LE\u00d3N PORTILLA"},"content":{"rendered":"\n<p>Jueves 20 de julio 2023<\/p>\n\n\n\n<p>#Texcoco, #M\u00e9x.- Al extinto Alejandro Contla Carmona, Cronista de Texcoco, se le realiz\u00f3 un homenaje durante la clausura del ciclo escolar 2022-2023 en la escuela secundaria \u00abTexcoco, Miguel Le\u00f3n Portilla\u00bb, donde su esposa Martha Ortega Cantabrana, record\u00f3 varios momentos de su esposo y dijo que \u00e9l amaba a los j\u00f3venes, ya que m\u00e1s de 50 a\u00f1os fue docente de secundarias y telesecundarias.<\/p>\n\n\n\n<p>Durante dicha clausura, que tambi\u00e9n se le puso el nombre de Alejandro Contla Carmona a la generaci\u00f3n 2020-2023, en donde la directora escolar, Anarely Torres Espinosa mencion\u00f3 que es una generaci\u00f3n \u00abat\u00edpica\u00bb ya que en esta \u00e9poca se dio la pandemia del Coronavirus, los alumnos empezaron su curso a distancia, luego h\u00edbrido y finalmente presencial, lo que nunca se hab\u00eda dado, pero que afortunadamente la mayor\u00eda logr\u00f3 el reto de culminar la secundaria.<\/p>\n\n\n\n<p>En la mesa de honor estuvieron; Miguel \u00c1ngel Hern\u00e1ndez Espejel, Titular de la Oficina de Enlace Educativo de la SEP en el Estado de M\u00e9xico; los jefes de ense\u00f1anza de Geograf\u00eda y matem\u00e1ticas, Arturo \u00c1vila y Gilberto Fern\u00e1ndez, respectivamente<video controls=\"\" src=\"https:\/\/reporterosenmovimiento.com\/wp-content\/uploads\/2023\/07\/WhatsApp-Video-2023-07-20-at-10.24.23-AM-1.mp4\"><\/video><\/p>\n\n\n\n<p>quienes adem\u00e1s a nombre de los Servicios Educativos Integrados al Estado de M\u00e9xico, fueron los encargados de clausurar dicho ciclo escolar.<\/p>\n\n\n\n<p>Adem\u00e1s, Erick Galicia, Director de Desarrollo Social, educativo y Deporte en representaci\u00f3n del Ayuntamiento de Texcoco, Cecilia Cruz, Directora<\/p>\n\n\n\n<p>Cultura de Texcoco: Carlos Gilberto Ch\u00e1vez, Subdirector de la Oficina del Enlace Educativo.<br>Cabe mencionar que durante el acto cultural, participaron tanto el turno matutino como el vespertino con coloridos bailables, en donde tambi\u00e9n se destac\u00f3 la presencia de varios alumnos del vespertino que con canciones y la voz de la alumna Alyn Yareth Garc\u00eda Reyes, hicieron vibrar a cientos de asistentes y los m\u00e1s de 900 alumnos que hoy egresaron de esta instituci\u00f3n educativa ubicada en pleno centro de esta Ciudad.<\/p>\n\n\n\n<figure class=\"wp-block-image\"><a href=\"https:\/\/i0.wp.com\/reporterosenmovimiento.com\/wp-content\/uploads\/2023\/07\/WhatsApp-Image-2023-07-20-at-10.24.20-AM.jpeg?ssl=1\"><img decoding=\"async\" src=\"https:\/\/i0.wp.com\/reporterosenmovimiento.com\/wp-content\/uploads\/2023\/07\/WhatsApp-Image-2023-07-20-at-10.24.20-AM.jpeg?resize=640%2C480&amp;ssl=1\" alt=\"\" class=\"wp-image-480441\"\/><\/a><\/figure>\n\n\n\n<p>Al romper el protocolo, la Directora, Anarely Torres invit\u00f3 a los alumnos egresados a levantarse de sus asientos y brindar aplausos a sus padres, al se\u00f1alar que con el apoyo de ellos, han logrado saldar esta meta.<\/p>\n\n\n\n<p>Finalmente, cabe mencionar que antes de clausurar el ciclo escolar, los jefes de ense\u00f1anza relataron algunos logros de alumnos de la secundaria Texcoco en matem\u00e1ticas e ingl\u00e9s, entre otras y por su parte la esposa del fallecido Alejandro Contla, Martha Ortega como s\u00edmbolo de agradecimiento regalo unos arbolitos a los alumnos egresados para que los siembren y lo cuiden y con los a\u00f1os recordar su estancia en esta escuela.<\/p>\n\n\n\n<figure class=\"wp-block-embed is-type-wp-embed is-provider-reporteros-en-movimiento wp-block-embed-reporteros-en-movimiento\"><div class=\"wp-block-embed__wrapper\">\n<blockquote class=\"wp-embedded-content\" data-secret=\"gHbrGZ0bP6\"><a href=\"https:\/\/reporterosenmovimiento.com\/2023\/07\/20\/rinden-homenaje-postumo-al-cronista-texcocano-alejandro-contla-carmona-en-la-escuela-secundaria-leon-portilla\/\">RINDEN HOMENAJE P\u00d3STUMO AL CRONISTA TEXCOCANO ALEJANDRO CONTLA CARMONA, EN LA ESCUELA SECUNDARIA LE\u00d3N PORTILLA<\/a><\/blockquote><iframe loading=\"lazy\" class=\"wp-embedded-content\" sandbox=\"allow-scripts\" security=\"restricted\" style=\"position: absolute; visibility: hidden;\" title=\"\u00abRINDEN HOMENAJE P\u00d3STUMO AL CRONISTA TEXCOCANO ALEJANDRO CONTLA CARMONA, EN LA ESCUELA SECUNDARIA LE\u00d3N PORTILLA\u00bb \u2014 Reporteros en Movimiento\" src=\"https:\/\/reporterosenmovimiento.com\/2023\/07\/20\/rinden-homenaje-postumo-al-cronista-texcocano-alejandro-contla-carmona-en-la-escuela-secundaria-leon-portilla\/embed\/#?secret=JdRr4GwSg9#?secret=gHbrGZ0bP6\" data-secret=\"gHbrGZ0bP6\" width=\"600\" height=\"338\" frameborder=\"0\" marginwidth=\"0\" marginheight=\"0\" scrolling=\"no\"><\/iframe>\n<\/div><\/figure>\n","protected":false},"excerpt":{"rendered":"<p>Jueves 20 de julio 2023 #Texcoco, #M\u00e9x.- Al extinto Alejandro Contla Carmona, Cronista de Texcoco,&#8230;<\/p>\n","protected":false},"author":3,"featured_media":61519,"comment_status":"closed","ping_status":"closed","sticky":false,"template":"","format":"standard","meta":{"footnotes":""},"categories":[4],"tags":[],"class_list":["post-61518","post","type-post","status-publish","format-standard","has-post-thumbnail","hentry","category-noticias-del-dia"],"_links":{"self":[{"href":"https:\/\/bambapolitica.com.mx\/index.php\/wp-json\/wp\/v2\/posts\/61518","targetHints":{"allow":["GET"]}}],"collection":[{"href":"https:\/\/bambapolitica.com.mx\/index.php\/wp-json\/wp\/v2\/posts"}],"about":[{"href":"https:\/\/bambapolitica.com.mx\/index.php\/wp-json\/wp\/v2\/types\/post"}],"author":[{"embeddable":true,"href":"https:\/\/bambapolitica.com.mx\/index.php\/wp-json\/wp\/v2\/users\/3"}],"replies":[{"embeddable":true,"href":"https:\/\/bambapolitica.com.mx\/index.php\/wp-json\/wp\/v2\/comments?post=61518"}],"version-history":[{"count":1,"href":"https:\/\/bambapolitica.com.mx\/index.php\/wp-json\/wp\/v2\/posts\/61518\/revisions"}],"predecessor-version":[{"id":61520,"href":"https:\/\/bambapolitica.com.mx\/index.php\/wp-json\/wp\/v2\/posts\/61518\/revisions\/61520"}],"wp:featuredmedia":[{"embeddable":true,"href":"https:\/\/bambapolitica.com.mx\/index.php\/wp-json\/wp\/v2\/media\/61519"}],"wp:attachment":[{"href":"https:\/\/bambapolitica.com.mx\/index.php\/wp-json\/wp\/v2\/media?parent=61518"}],"wp:term":[{"taxonomy":"category","embeddable":true,"href":"https:\/\/bambapolitica.com.mx\/index.php\/wp-json\/wp\/v2\/categories?post=61518"},{"taxonomy":"post_tag","embeddable":true,"href":"https:\/\/bambapolitica.com.mx\/index.php\/wp-json\/wp\/v2\/tags?post=61518"}],"curies":[{"name":"wp","href":"https:\/\/api.w.org\/{rel}","templated":true}]}}