{"id":61589,"date":"2023-07-24T12:10:57","date_gmt":"2023-07-24T18:10:57","guid":{"rendered":"http:\/\/bambapolitica.com.mx\/?p=61589"},"modified":"2023-07-24T12:10:59","modified_gmt":"2023-07-24T18:10:59","slug":"juez-brian-cogan-pospone-sentencia-a-genaro-garcia-luna","status":"publish","type":"post","link":"https:\/\/bambapolitica.com.mx\/index.php\/2023\/07\/24\/juez-brian-cogan-pospone-sentencia-a-genaro-garcia-luna\/","title":{"rendered":"Juez Brian Cogan pospone sentencia a Genaro Garc\u00eda Luna"},"content":{"rendered":"\n<p>Lunes 24 de julio 2023<\/p>\n\n\n\n<h2 class=\"wp-block-heading\">El ex secretario de Seguridad P\u00fablica ser\u00eda sentenciado en septiembre de este a\u00f1o<\/h2>\n\n\n\n<p>El juez Brian M. Cogan aplaz\u00f3 nuevamente la audiencia de sentencia de Genaro Garc\u00eda Luna, ex secretario de Seguridad P\u00fablica de M\u00e9xico, que estaba fijada para el 27 de septiembre, y concedi\u00f3 la petici\u00f3n de su defensa para aplazarlo hasta el 1 de marzo de 2024.<\/p>\n\n\n\n<p>\u201cLuego de haber le\u00eddo la moci\u00f3n 247 de la defensa, la Corte determina que ha demostrado una buena causa para la extensi\u00f3n requerida\u201d, dictamin\u00f3 Cogan en una sucinta declaraci\u00f3n escrita de la Corte Federal en Brooklyn, Nueva York.<br>Bajo el nuevo calendario, las mociones previas al juicio deber\u00e1n entregarse antes del pr\u00f3ximo 12 de diciembre; la respuesta de los fiscales federales para el 19 de enero de 2024; la contrarr\u00e9plica de la defensa el 2 de febrero de 2024 y la sentencia final para el primero de marzo de 2024 a las 10:00 en la recinto 8D Sur de la Corte.<\/p>\n\n\n\n<p>Garc\u00eda Luna fue declarado culpable en febrero por un jurado federal en Brooklyn de los cinco cargos de una acusaci\u00f3n formal que lo acus\u00f3 de participar en una empresa delictiva continua que incluye seis infracciones relacionadas con drogas, conspiraci\u00f3n para la distribuci\u00f3n internacional de coca\u00edna, conspiraci\u00f3n para distribuir y poseer con la intenci\u00f3n de distribuir coca\u00edna, conspiraci\u00f3n para importar coca\u00edna y hacer declaraciones falsas.<\/p>\n\n\n\n<p>Garc\u00eda Luna enfrenta una sentencia m\u00ednima obligatoria de 20 a\u00f1os de prisi\u00f3n y un m\u00e1ximo de cadena perpetua.<\/p>\n\n\n\n<p><a href=\"https:\/\/www.milenio.com\/policia\/caso-genaro-garcia-luna-juez-pospone-sentencia-marzo-2024\">https:\/\/www.milenio.com\/policia\/caso-genaro-garcia-luna-juez-pospone-sentencia-marzo-2024<\/a><\/p>\n","protected":false},"excerpt":{"rendered":"<p>Lunes 24 de julio 2023 El ex secretario de Seguridad P\u00fablica ser\u00eda sentenciado en septiembre&#8230;<\/p>\n","protected":false},"author":3,"featured_media":61590,"comment_status":"closed","ping_status":"closed","sticky":false,"template":"","format":"standard","meta":{"footnotes":""},"categories":[4],"tags":[],"class_list":["post-61589","post","type-post","status-publish","format-standard","has-post-thumbnail","hentry","category-noticias-del-dia"],"_links":{"self":[{"href":"https:\/\/bambapolitica.com.mx\/index.php\/wp-json\/wp\/v2\/posts\/61589","targetHints":{"allow":["GET"]}}],"collection":[{"href":"https:\/\/bambapolitica.com.mx\/index.php\/wp-json\/wp\/v2\/posts"}],"about":[{"href":"https:\/\/bambapolitica.com.mx\/index.php\/wp-json\/wp\/v2\/types\/post"}],"author":[{"embeddable":true,"href":"https:\/\/bambapolitica.com.mx\/index.php\/wp-json\/wp\/v2\/users\/3"}],"replies":[{"embeddable":true,"href":"https:\/\/bambapolitica.com.mx\/index.php\/wp-json\/wp\/v2\/comments?post=61589"}],"version-history":[{"count":1,"href":"https:\/\/bambapolitica.com.mx\/index.php\/wp-json\/wp\/v2\/posts\/61589\/revisions"}],"predecessor-version":[{"id":61591,"href":"https:\/\/bambapolitica.com.mx\/index.php\/wp-json\/wp\/v2\/posts\/61589\/revisions\/61591"}],"wp:featuredmedia":[{"embeddable":true,"href":"https:\/\/bambapolitica.com.mx\/index.php\/wp-json\/wp\/v2\/media\/61590"}],"wp:attachment":[{"href":"https:\/\/bambapolitica.com.mx\/index.php\/wp-json\/wp\/v2\/media?parent=61589"}],"wp:term":[{"taxonomy":"category","embeddable":true,"href":"https:\/\/bambapolitica.com.mx\/index.php\/wp-json\/wp\/v2\/categories?post=61589"},{"taxonomy":"post_tag","embeddable":true,"href":"https:\/\/bambapolitica.com.mx\/index.php\/wp-json\/wp\/v2\/tags?post=61589"}],"curies":[{"name":"wp","href":"https:\/\/api.w.org\/{rel}","templated":true}]}}