{"id":61592,"date":"2023-07-24T12:13:42","date_gmt":"2023-07-24T18:13:42","guid":{"rendered":"http:\/\/bambapolitica.com.mx\/?p=61592"},"modified":"2023-07-24T12:13:45","modified_gmt":"2023-07-24T18:13:45","slug":"reportan-bloqueo-en-accesos-de-la-terminal-1-del-aicm-por-personas-en-silla-de-ruedas","status":"publish","type":"post","link":"https:\/\/bambapolitica.com.mx\/index.php\/2023\/07\/24\/reportan-bloqueo-en-accesos-de-la-terminal-1-del-aicm-por-personas-en-silla-de-ruedas\/","title":{"rendered":"Reportan bloqueo en accesos de la Terminal 1 del AICM por personas en silla de ruedas"},"content":{"rendered":"\n<p>Lunes 24 de julio 2023<\/p>\n\n\n\n<h2 class=\"wp-block-heading\">De acuerdo con el C5 de la CDMX las zonas afectadas est\u00e1n sobre Circuito Interior y Capit\u00e1n Carlos Le\u00f3n<\/h2>\n\n\n\n<p>Un grupo de manifestantes en silla de ruedas bloquearon los accesos a la\u00a0<a rel=\"noreferrer noopener\" href=\"https:\/\/www.eluniversal.com.mx\/tag\/aicm\/\" target=\"_blank\"><strong>Terminal 1 del Aeropuerto Internacional de la Ciudad de M\u00e9xico (AICM)<\/strong>,<\/a>\u00a0inform\u00f3 el Centro de Orientaci\u00f3n Vial de la Secretar\u00eda de Seguridad Ciudadana de la Ciudad de M\u00e9xico.<\/p>\n\n\n\n<p>De acuerdo con el C5 de la CDMX las zonas afectadas por el bloqueo son sobre<strong>&nbsp;Circuito Interior y Capit\u00e1n Carlos Le\u00f3n<\/strong>, colonia Pe\u00f1\u00f3n de los Ba\u00f1os.<\/p>\n\n\n\n<p>Las alternativas viales son Eje 3 Oriente, Av. Ocean\u00eda, Av. Tahel y carriles centrales de Circuito Interior.<\/p>\n\n\n\n<p><a href=\"https:\/\/www.eluniversal.com.mx\/metropoli\/reportan-bloqueo-en-accesos-de-la-terminal-1-del-aicm-por-personas-en-silla-de-ruedas\/\">https:\/\/www.eluniversal.com.mx\/metropoli\/reportan-bloqueo-en-accesos-de-la-terminal-1-del-aicm-por-personas-en-silla-de-ruedas\/<\/a><\/p>\n","protected":false},"excerpt":{"rendered":"<p>Lunes 24 de julio 2023 De acuerdo con el C5 de la CDMX las zonas&#8230;<\/p>\n","protected":false},"author":3,"featured_media":61593,"comment_status":"closed","ping_status":"closed","sticky":false,"template":"","format":"standard","meta":{"footnotes":""},"categories":[4],"tags":[],"class_list":["post-61592","post","type-post","status-publish","format-standard","has-post-thumbnail","hentry","category-noticias-del-dia"],"_links":{"self":[{"href":"https:\/\/bambapolitica.com.mx\/index.php\/wp-json\/wp\/v2\/posts\/61592","targetHints":{"allow":["GET"]}}],"collection":[{"href":"https:\/\/bambapolitica.com.mx\/index.php\/wp-json\/wp\/v2\/posts"}],"about":[{"href":"https:\/\/bambapolitica.com.mx\/index.php\/wp-json\/wp\/v2\/types\/post"}],"author":[{"embeddable":true,"href":"https:\/\/bambapolitica.com.mx\/index.php\/wp-json\/wp\/v2\/users\/3"}],"replies":[{"embeddable":true,"href":"https:\/\/bambapolitica.com.mx\/index.php\/wp-json\/wp\/v2\/comments?post=61592"}],"version-history":[{"count":1,"href":"https:\/\/bambapolitica.com.mx\/index.php\/wp-json\/wp\/v2\/posts\/61592\/revisions"}],"predecessor-version":[{"id":61594,"href":"https:\/\/bambapolitica.com.mx\/index.php\/wp-json\/wp\/v2\/posts\/61592\/revisions\/61594"}],"wp:featuredmedia":[{"embeddable":true,"href":"https:\/\/bambapolitica.com.mx\/index.php\/wp-json\/wp\/v2\/media\/61593"}],"wp:attachment":[{"href":"https:\/\/bambapolitica.com.mx\/index.php\/wp-json\/wp\/v2\/media?parent=61592"}],"wp:term":[{"taxonomy":"category","embeddable":true,"href":"https:\/\/bambapolitica.com.mx\/index.php\/wp-json\/wp\/v2\/categories?post=61592"},{"taxonomy":"post_tag","embeddable":true,"href":"https:\/\/bambapolitica.com.mx\/index.php\/wp-json\/wp\/v2\/tags?post=61592"}],"curies":[{"name":"wp","href":"https:\/\/api.w.org\/{rel}","templated":true}]}}