{"id":61601,"date":"2023-07-24T12:21:10","date_gmt":"2023-07-24T18:21:10","guid":{"rendered":"http:\/\/bambapolitica.com.mx\/?p=61601"},"modified":"2023-07-24T12:21:15","modified_gmt":"2023-07-24T18:21:15","slug":"todo-el-mundo-tiene-miedo-a-debatir-ebrard-ante-rechazo-de-xochitl","status":"publish","type":"post","link":"https:\/\/bambapolitica.com.mx\/index.php\/2023\/07\/24\/todo-el-mundo-tiene-miedo-a-debatir-ebrard-ante-rechazo-de-xochitl\/","title":{"rendered":"Todo el mundo tiene miedo a debatir: Ebrard ante rechazo de X\u00f3chitl"},"content":{"rendered":"\n<p>Lunes 24 de julio 2023<\/p>\n\n\n\n<p>El\u00a0aspirante a la candidatura presidencial, asegur\u00f3\u00a0que ninguna \u201ccorcholata\u201d, ni\u00a0ning\u00fan\u00a0competidor del frente opositor\u00a0quiere sostener un encuentro con \u00e9l<\/p>\n\n\n\n<p>Marcelo Ebrard, aspirante a la candidatura presidencial por Morena, afirm\u00f3 que ninguna \u201ccorcholata\u201d ni competidor del frente opositor conformado por el PRI, PAN, PRD y organismos ciudadanos quiere sostener un encuentro con \u00e9l para hablar de los temas clave para el pa\u00eds. Esto tras la negativa de X\u00f3chitl G\u00e1lvez a debatir con \u00e9l.&nbsp;<\/p>\n\n\n\n<p><strong>\u201cPues todo mundo tiene miedo, entonces yo aqu\u00ed sigo\u201d, dijo el ex titular de la Secretar\u00eda de Relaciones Exteriores (SRE), quien ayer acudi\u00f3 a Naucalpan, en el Estado de M\u00e9xico, para convivir con j\u00f3venes.&nbsp;<\/strong><\/p>\n\n\n\n<p>Durante ese encuentro, Ebrard hizo una rutina de ejercicio para pecho y brazo y hasta bail\u00f3 al ritmo de Caballo Dorado con la canci\u00f3n \u201cNo rompas m\u00e1s\u201d.<\/p>\n\n\n\n<p>Ebrard&nbsp;Casaub\u00f3n&nbsp;aprovech\u00f3 para hablar sobre la importancia del deporte y el trabajo en comunidad para erradicar la inseguridad en dicha localidad.&nbsp;<\/p>\n\n\n\n<p>Tambi\u00e9n explic\u00f3 su Plan \u00c1ngel, con el que busca disminuir los \u00edndices delictivos al usar tecnolog\u00eda e inteligencia artificial.<\/p>\n\n\n\n<h4 class=\"wp-block-heading\"><strong>G\u00e1lvez pide que AMLO sea inscrito en el registro de violentadores&nbsp;<\/strong><\/h4>\n\n\n\n<p>De visita en Oaxaca, la senadora X\u00f3chitl G\u00e1lvez advirti\u00f3 que el Presidente Andr\u00e9s Manuel L\u00f3pez Obrador (AMLO) debe ser sancionado e inscrito en el registro de personas responsables de violencia pol\u00edtica contra las mujeres en raz\u00f3n de g\u00e9nero. En conferencia de prensa, explic\u00f3 que&nbsp;<strong>ese tipo de violencia se da cuando una autoridad quiere impedir que alguien acceda a espacios de poder por el simple hecho de ser mujer<\/strong>. Dijo que el Presidente L\u00f3pez Obrador le est\u00e1 echando todo el poder del Estado.<\/p>\n\n\n\n<p>\u201cEso de lo que \u00e9l se quej\u00f3 y que dec\u00eda que los Presidentes no deber\u00edan hacer, eso del \u2018c\u00e1llate&nbsp;chachalaca\u2019 a (Vicente)&nbsp;Fox, \u00e9l lo est\u00e1 replicando todav\u00eda m\u00e1s grave.&nbsp;Haberse atrevido a meterse en mis cuentas fiscales de la empresa, que es secreto fiscal, que es secreto bancario, violando la ley, porque&nbsp;<strong>no me encontraron en mis cuentas personales un peso mal habido. Lo que se va a topar es que soy una empresaria desde hace 31 a\u00f1os<\/strong>\u201d, remarc\u00f3.<\/p>\n\n\n\n<p>\u201cMe voy a ir a los tribunales y le voy a ganar, y va a tener que ser inscrito en la lista de violentadores, porque decir que soy un globo que me inflan, decir que soy un t\u00edtere de hombres, es no saber mi historia y no saber de qu\u00e9 estoy hecha\u201d, advirti\u00f3.<\/p>\n\n\n\n<p>Por otra parte,&nbsp;insisti\u00f3 en que no hay ning\u00fan hombre detr\u00e1s de ella&nbsp;y enfatiz\u00f3 que&nbsp;<strong>\u201cyo s\u00ed tengo los ovarios para deslindarme de Fox y de quien me tenga que deslindar, porque yo estoy aqu\u00ed por mi m\u00e9rito, por mi capacidad, por mi trabajo, por mi talento\u201d<\/strong>, expres\u00f3.<\/p>\n\n\n\n<p>En este marco, aclar\u00f3 que ella nunca ha dicho que los adultos mayores tienen que seguir trabajando y que deben desaparecer las pensiones, pues las \u00fanicas pensiones que no regresar\u00e1n son las de los ex Presidentes.<\/p>\n\n\n\n<p>X\u00f3chitl G\u00e1lvez puntualiz\u00f3 que lo que s\u00ed ha dicho es que, de ganar las elecciones,<strong>\u00a0en su Gobierno no habr\u00e1 \u201chuevones\u201d, como Ignacio Ovalle, ex director de Segalmex<\/strong>, \u201cque es un \u2018taleg\u00f3n\u2019, por cierto, que est\u00e1 ah\u00ed en Gobernaci\u00f3n sin hacer nada. Esos son los \u2018huevones\u2019 que no va a haber conmigo, gente como Nacho Ovalle\u201d.<\/p>\n\n\n\n<figure class=\"wp-block-image\"><img decoding=\"async\" src=\"https:\/\/www.informador.mx\/__export\/1690185801257\/sites\/elinformador\/img\/2023\/07\/24\/imagen_cmykimagen_eum20230723pol07.jpg_158945035.jpg\" alt=\"\"\/><\/figure>\n\n\n\n<h4 class=\"wp-block-heading\"><strong>Sheinbaum, primera en recorrer el pa\u00eds<\/strong><\/h4>\n\n\n\n<p>Con su recorrido de ayer por Colima, Claudia Sheinbaum se convirti\u00f3 en la primera de las aspirantes presidenciales de Morena en recorrer todos los Estados de la Rep\u00fablica.<\/p>\n\n\n\n<p>Los aspirantes&nbsp;morenistas&nbsp;iniciaron sus recorridos para realizar actos que ellos denominan \u201cAsambleas informativas\u201d el 19 de julio, y, de acuerdo con las reglas de su proceso interno, tendr\u00e1n hasta el d\u00eda 27 de agosto para hacer recorridos.<\/p>\n\n\n\n<p>Tras estos recorridos, Morena levantar\u00e1 la encuesta con la cual se determinar\u00e1 qui\u00e9n ser\u00e1 el coordinador &nbsp;nacional de los Comit\u00e9s de Defensa de la Cuarta Transformaci\u00f3n, quien, eventualmente, ser\u00e1 el o la candidata presidencial de Morena.<\/p>\n\n\n\n<p><strong>El resultado de la encuesta se dar\u00e1 a conocer el 6 de septiembre.<\/strong><\/p>\n\n\n\n<p>Sheinbaum arranc\u00f3 sus recorridos el 19 de julio en Oaxaca, por lo que en poco m\u00e1s de un mes complet\u00f3 su primer recorrido nacional.<\/p>\n\n\n\n<p>Por orden del Tribunal Electoral del Poder Judicial de la Federaci\u00f3n (TEPJF), el Instituto Nacional Electoral (INE) deber\u00e1 emitir esta semana los lineamientos para regular y fiscalizar las giras por el pa\u00eds de los aspirantes presidenciales, tanto de Morena como del Frente Amplio por M\u00e9xico<\/p>\n\n\n\n<p>Ante los alarmantes \u00edndices de inseguridad que d\u00eda a d\u00eda incrementan,&nbsp;Jorge Luis Preciado Rodr\u00edguez, aspirante a la candidatura del Frente Amplio por M\u00e9xico, revivi\u00f3 su propuesta para que la ciudadan\u00eda pueda portar armas de fuego para su leg\u00edtima defensa. Record\u00f3 que, como coordinador del Grupo Parlamentario del PAN en el Senado de la Rep\u00fablica,&nbsp;<strong>en octubre de 2016 present\u00f3 una iniciativa para reformar el Art\u00edculo 10 Constitucional<\/strong>, a fin de que los mexicanos puedan portar armas en sus veh\u00edculos o negocios para hacer frente a un robo o asalto.<\/p>\n\n\n\n<figure class=\"wp-block-image\"><img decoding=\"async\" src=\"https:\/\/www.informador.mx\/export\/sites\/elinformador\/img\/2023\/07\/24\/1l.jpg_1031284312.jpg\" alt=\"\" title=\"\"\/><\/figure>\n\n\n\n<p>Con claridad, el aspirante a la Coordinaci\u00f3n Nacional para la Defensa de la Cuarta Transformaci\u00f3n, Ad\u00e1n Augusto L\u00f3pez Hern\u00e1ndez, advirti\u00f3 \u201cque&nbsp;<strong>a\u00fan en las diferencias, no podemos ser ego\u00edstas, porque si alguno de nosotros se tropieza, se tropieza el movimiento<\/strong>\u201d. Por ello, llam\u00f3 a acompa\u00f1ar al Presidente Andr\u00e9s Manuel L\u00f3pez Obrador en el \u00faltimo tramo de su mandato, y pidi\u00f3 tener confianza en que \u201cvamos por el camino correcto, el camino de la transformaci\u00f3n de la vida p\u00fablica del pa\u00eds\u201d que encabeza el Presidente, cuyo objetivo es afianzar la revoluci\u00f3n de las conciencias.<\/p>\n\n\n\n<figure class=\"wp-block-image\"><img decoding=\"async\" src=\"https:\/\/www.informador.mx\/__export\/1690186345134\/sites\/elinformador\/img\/2023\/07\/24\/2l.jpg_158945035.jpg\" alt=\"\"\/><\/figure>\n\n\n\n<p>Ricardo\u00a0Monreal\u00a0advirti\u00f3 que la divisi\u00f3n de Morena podr\u00eda significar la p\u00e9rdida de la Ciudad de M\u00e9xico en 2024.\u00a0Durante su gira en Milpa Alta, el senador hizo un llamado a la unidad y a evitar errores para mantener la jefatura de Gobierno. Destac\u00f3 la importancia de trabajar en equipo y recuperar alcald\u00edas perdidas en 2021. Monreal consider\u00f3 clave la ciudad debido a su gran n\u00famero de habitantes y propuso buscar nuevos liderazgos para encabezar las candidaturas. El legislador convoc\u00f3 a todos los grupos de izquierda progresista a mantenerse unidos.<\/p>\n\n\n\n<p><a href=\"https:\/\/www.informador.mx\/mexico\/Morena-Todo-el-mundo-tiene-miedo-a-debatir-Ebrard-ante-rechazo-de-Xochitl-20230724-0018.html\">https:\/\/www.informador.mx\/mexico\/Morena-Todo-el-mundo-tiene-miedo-a-debatir-Ebrard-ante-rechazo-de-Xochitl-20230724-0018.html<\/a><\/p>\n","protected":false},"excerpt":{"rendered":"<p>Lunes 24 de julio 2023 El\u00a0aspirante a la candidatura presidencial, asegur\u00f3\u00a0que ninguna \u201ccorcholata\u201d, ni\u00a0ning\u00fan\u00a0competidor del&#8230;<\/p>\n","protected":false},"author":3,"featured_media":61602,"comment_status":"closed","ping_status":"closed","sticky":false,"template":"","format":"standard","meta":{"footnotes":""},"categories":[4],"tags":[],"class_list":["post-61601","post","type-post","status-publish","format-standard","has-post-thumbnail","hentry","category-noticias-del-dia"],"_links":{"self":[{"href":"https:\/\/bambapolitica.com.mx\/index.php\/wp-json\/wp\/v2\/posts\/61601","targetHints":{"allow":["GET"]}}],"collection":[{"href":"https:\/\/bambapolitica.com.mx\/index.php\/wp-json\/wp\/v2\/posts"}],"about":[{"href":"https:\/\/bambapolitica.com.mx\/index.php\/wp-json\/wp\/v2\/types\/post"}],"author":[{"embeddable":true,"href":"https:\/\/bambapolitica.com.mx\/index.php\/wp-json\/wp\/v2\/users\/3"}],"replies":[{"embeddable":true,"href":"https:\/\/bambapolitica.com.mx\/index.php\/wp-json\/wp\/v2\/comments?post=61601"}],"version-history":[{"count":1,"href":"https:\/\/bambapolitica.com.mx\/index.php\/wp-json\/wp\/v2\/posts\/61601\/revisions"}],"predecessor-version":[{"id":61603,"href":"https:\/\/bambapolitica.com.mx\/index.php\/wp-json\/wp\/v2\/posts\/61601\/revisions\/61603"}],"wp:featuredmedia":[{"embeddable":true,"href":"https:\/\/bambapolitica.com.mx\/index.php\/wp-json\/wp\/v2\/media\/61602"}],"wp:attachment":[{"href":"https:\/\/bambapolitica.com.mx\/index.php\/wp-json\/wp\/v2\/media?parent=61601"}],"wp:term":[{"taxonomy":"category","embeddable":true,"href":"https:\/\/bambapolitica.com.mx\/index.php\/wp-json\/wp\/v2\/categories?post=61601"},{"taxonomy":"post_tag","embeddable":true,"href":"https:\/\/bambapolitica.com.mx\/index.php\/wp-json\/wp\/v2\/tags?post=61601"}],"curies":[{"name":"wp","href":"https:\/\/api.w.org\/{rel}","templated":true}]}}