{"id":61604,"date":"2023-07-24T12:22:48","date_gmt":"2023-07-24T18:22:48","guid":{"rendered":"http:\/\/bambapolitica.com.mx\/?p=61604"},"modified":"2023-07-24T12:22:55","modified_gmt":"2023-07-24T18:22:55","slug":"reportan-robo-de-avion-privado-del-aicm-esto-sabemos","status":"publish","type":"post","link":"https:\/\/bambapolitica.com.mx\/index.php\/2023\/07\/24\/reportan-robo-de-avion-privado-del-aicm-esto-sabemos\/","title":{"rendered":"Reportan robo de avi\u00f3n privado del AICM; esto sabemos"},"content":{"rendered":"\n<p>Lunes 24 de julio 2023<\/p>\n\n\n\n<h2 class=\"wp-block-heading\">De acuerdo con las primeras versiones una aeronave tipo British Aeroespace BAe serie 800A matr\u00edcula N591CF desapareci\u00f3 del lugar en el que se encontraba<\/h2>\n\n\n\n<p>El<strong>&nbsp;Aeropuerto Internacional Benito Ju\u00e1rez Ciudad de M\u00e9xico&nbsp;<\/strong>(<strong>AICM<\/strong>) sufri\u00f3 el supuesto robo de un avi\u00f3n que se encontraba resguardado en sus instalaciones desde 2022.<\/p>\n\n\n\n<figure class=\"wp-block-image\"><img decoding=\"async\" src=\"https:\/\/www.infobae.com\/new-resizer\/oex1Ir9DExDNWLx2Q9HnoOP_gb8=\/filters:format(webp):quality(85)\/cloudfront-us-east-1.images.arcpublishing.com\/infobae\/ET44TV3N5JDEHLZV7LMQXDFOOE.jpg\" alt=\"Recuerda que si tu vuelo se demora o se cancela, las aerol\u00edneas deben de darte una compensaci\u00f3n (Infobae)\"\/><\/figure>\n\n\n\n<p>As\u00ed lo dio a conocer el periodista Carlos Jim\u00e9nez, quien a trav\u00e9s de sus redes sociales detall\u00f3 que se trata de una aeronave tipo&nbsp;<em>British Aeroespace<\/em>, modelo&nbsp;<em><strong>Bae<\/strong><\/em>, Serie 800\u00aa. En este sentido, agreg\u00f3 que el avi\u00f3n arrib\u00f3 desde&nbsp;<strong>Chiapas&nbsp;<\/strong>al aeropuerto capitalino el a\u00f1o pasado con el fin de que \u00e9ste quedara reguardado en la zona de hangares.<\/p>\n\n\n\n<p>Recientemente su due\u00f1o habr\u00eda acudido al lugar para hacer uso del avi\u00f3n, sin embargo, not\u00f3 que ya no se encontraba en la zona en la que lo hab\u00eda dejado, por lo que inmediatamente report\u00f3 la situaci\u00f3n. Al respecto, se ha se\u00f1alado que la Fiscal\u00eda General de Justicia capitalina abri\u00f3 una carpeta de investigaci\u00f3n para esclarecer el paradero de la aeronave.<\/p>\n\n\n\n<p><a href=\"https:\/\/www.infobae.com\/mexico\/2023\/07\/24\/roban-avion-privado-del-aicm-esto-sabemos\/\">https:\/\/www.infobae.com\/mexico\/2023\/07\/24\/roban-avion-privado-del-aicm-esto-sabemos\/<\/a><\/p>\n","protected":false},"excerpt":{"rendered":"<p>Lunes 24 de julio 2023 De acuerdo con las primeras versiones una aeronave tipo British&#8230;<\/p>\n","protected":false},"author":3,"featured_media":61605,"comment_status":"closed","ping_status":"open","sticky":false,"template":"","format":"standard","meta":{"footnotes":""},"categories":[4],"tags":[],"class_list":["post-61604","post","type-post","status-publish","format-standard","has-post-thumbnail","hentry","category-noticias-del-dia"],"_links":{"self":[{"href":"https:\/\/bambapolitica.com.mx\/index.php\/wp-json\/wp\/v2\/posts\/61604","targetHints":{"allow":["GET"]}}],"collection":[{"href":"https:\/\/bambapolitica.com.mx\/index.php\/wp-json\/wp\/v2\/posts"}],"about":[{"href":"https:\/\/bambapolitica.com.mx\/index.php\/wp-json\/wp\/v2\/types\/post"}],"author":[{"embeddable":true,"href":"https:\/\/bambapolitica.com.mx\/index.php\/wp-json\/wp\/v2\/users\/3"}],"replies":[{"embeddable":true,"href":"https:\/\/bambapolitica.com.mx\/index.php\/wp-json\/wp\/v2\/comments?post=61604"}],"version-history":[{"count":1,"href":"https:\/\/bambapolitica.com.mx\/index.php\/wp-json\/wp\/v2\/posts\/61604\/revisions"}],"predecessor-version":[{"id":61606,"href":"https:\/\/bambapolitica.com.mx\/index.php\/wp-json\/wp\/v2\/posts\/61604\/revisions\/61606"}],"wp:featuredmedia":[{"embeddable":true,"href":"https:\/\/bambapolitica.com.mx\/index.php\/wp-json\/wp\/v2\/media\/61605"}],"wp:attachment":[{"href":"https:\/\/bambapolitica.com.mx\/index.php\/wp-json\/wp\/v2\/media?parent=61604"}],"wp:term":[{"taxonomy":"category","embeddable":true,"href":"https:\/\/bambapolitica.com.mx\/index.php\/wp-json\/wp\/v2\/categories?post=61604"},{"taxonomy":"post_tag","embeddable":true,"href":"https:\/\/bambapolitica.com.mx\/index.php\/wp-json\/wp\/v2\/tags?post=61604"}],"curies":[{"name":"wp","href":"https:\/\/api.w.org\/{rel}","templated":true}]}}