{"id":61607,"date":"2023-07-24T12:24:15","date_gmt":"2023-07-24T18:24:15","guid":{"rendered":"http:\/\/bambapolitica.com.mx\/?p=61607"},"modified":"2023-07-24T12:24:17","modified_gmt":"2023-07-24T18:24:17","slug":"mujer-denuncia-haber-sido-abusada-sexualmente-en-el-bano-de-un-local-de-unas-en-valle-de-chalco","status":"publish","type":"post","link":"https:\/\/bambapolitica.com.mx\/index.php\/2023\/07\/24\/mujer-denuncia-haber-sido-abusada-sexualmente-en-el-bano-de-un-local-de-unas-en-valle-de-chalco\/","title":{"rendered":"MUJER DENUNCIA HABER SIDO ABUSADA SEXUALMENTE EN EL BA\u00d1O DE UN LOCAL DE U\u00d1AS EN VALLE DE CHALCO"},"content":{"rendered":"\n<p>Lunes 24 de julio 2023<\/p>\n\n\n\n<p>Valle de Chalco, Edom\u00e9x. 24 de julio del 2023.- Una mujer denunci\u00f3 haber sido v\u00edctima de un sujeto que conduc\u00eda un mototaxi y quien se introdujo a su local de colocaci\u00f3n de u\u00f1as, mismo que la encerr\u00f3 en un ba\u00f1o y abus\u00f3 de ella, para luego escapar del lugar, sin poder detenido.<\/p>\n\n\n\n<p>Elementos pertenecientes a la Direcci\u00f3n de Seguridad P\u00fablica y Tr\u00e1nsito Municipal del \u00e1rea de Polic\u00eda de G\u00e9nero de Valle de Chalco , en el estado de M\u00e9xico dan el apoyo a la v\u00edctima.<\/p>\n\n\n\n<figure class=\"wp-block-image\"><img decoding=\"async\" src=\"https:\/\/i0.wp.com\/reporterosenmovimiento.com\/wp-content\/uploads\/2023\/07\/wp-16902182158466244280050873375196.jpg?resize=640%2C853&amp;ssl=1\" alt=\"\" class=\"wp-image-480910\"\/><\/figure>\n\n\n\n<p>Ellos comentan que la chica, via telef\u00f3nica, solicita un apoyo ya que cuenta con una medida de protecci\u00f3n y su agresor se present\u00f3 a su lugar de trabajo agrediendola.<\/p>\n\n\n\n<p>Al arribar a la ubicaci\u00f3n&nbsp; se hace contacto con la usuaria y solicitante la Sra. Ana Jacqueline H. la cu\u00e1l refiere que su agresor el Sr. Diego Alejandro Ramirez se introdujo al local de u\u00f1as donde ella trabaja y la encerr\u00f3 en el ba\u00f1o oblig\u00e1ndola a tener relaciones sexuales, retir\u00e1ndose&nbsp; a bordo de su Mototaxi.<\/p>\n\n\n\n<p>Por lo que, inmediatamente realizamos un recorrido en la periferia para su posible localizaci\u00f3n siendo negativa la misma, le informamos a la femenina los pasos a seguir en las instancias correspondientes.<br>Por tanto,&nbsp; es trasladada y acompa\u00f1ada al Centro de Justicia para las Mujeres con sede en Amecameca para realizar su denuncia, para despu\u00e9s&nbsp; trasladarnos a Valle de Chalco Solidaridad para llevar a la v\u00edctima a su domicilio, al finalizar&nbsp; nos retiramos del lugar sin mayor novedad.<\/p>\n\n\n\n<p>SEGUNDO CASO<\/p>\n\n\n\n<figure class=\"wp-block-image\"><img decoding=\"async\" src=\"https:\/\/i0.wp.com\/reporterosenmovimiento.com\/wp-content\/uploads\/2023\/07\/wp-16902184335102047649065772762884.jpg?resize=640%2C480&amp;ssl=1\" alt=\"\" class=\"wp-image-480912\"\/><\/figure>\n\n\n\n<p>En un segundo caso, una .ujer denunci\u00f3 a un hombre que la estab molestando y agrediendo con palanras altisonantes, en calles de Valle de Chalco.<\/p>\n\n\n\n<p>Elementos pertenecientes a la Direcci\u00f3n de Seguridad P\u00fablica y Tr\u00e1nsito Municipal de Valle de Chalco del \u00e1rea de Polic\u00eda de G\u00e9nero da apoyo a la mujer.<\/p>\n\n\n\n<figure class=\"wp-block-image\"><img decoding=\"async\" src=\"https:\/\/i0.wp.com\/reporterosenmovimiento.com\/wp-content\/uploads\/2023\/07\/wp-16902184037744061486701201965245.jpg?resize=640%2C522&amp;ssl=1\" alt=\"\" class=\"wp-image-480911\"\/><\/figure>\n\n\n\n<p>Indican que la encargada del \u00e1rea de g\u00e9nero les pide trasladarse al Hospital general Fernando Quiroz Guti\u00e9rrez, ya que una femenina solicita apoyo.<br>Al arribar al mismo, la denunciante\u00a0 les refiere que un masculino la est\u00e1 agrediendo verbalmente, por lo que se le detiene y se traslada a las galeras municipales, quedando a resguardo de las mismas por alterar el orden y la paz social.<\/p>\n\n\n\n<figure class=\"wp-block-embed is-type-wp-embed is-provider-reporteros-en-movimiento wp-block-embed-reporteros-en-movimiento\"><div class=\"wp-block-embed__wrapper\">\n<blockquote class=\"wp-embedded-content\" data-secret=\"ggSy1t58O0\"><a href=\"https:\/\/reporterosenmovimiento.com\/2023\/07\/24\/mujer-denuncia-haber-sido-abusada-sexualmente-en-el-bano-de-un-local-de-unas-en-valle-de-chalco\/\">MUJER DENUNCIA HABER SIDO ABUSADA SEXUALMENTE EN EL BA\u00d1O DE UN LOCAL DE U\u00d1AS EN VALLE DE CHALCO<\/a><\/blockquote><iframe loading=\"lazy\" class=\"wp-embedded-content\" sandbox=\"allow-scripts\" security=\"restricted\" style=\"position: absolute; visibility: hidden;\" title=\"\u00abMUJER DENUNCIA HABER SIDO ABUSADA SEXUALMENTE EN EL BA\u00d1O DE UN LOCAL DE U\u00d1AS EN VALLE DE CHALCO\u00bb \u2014 Reporteros en Movimiento\" src=\"https:\/\/reporterosenmovimiento.com\/2023\/07\/24\/mujer-denuncia-haber-sido-abusada-sexualmente-en-el-bano-de-un-local-de-unas-en-valle-de-chalco\/embed\/#?secret=bZuqI6EpsV#?secret=ggSy1t58O0\" data-secret=\"ggSy1t58O0\" width=\"600\" height=\"338\" frameborder=\"0\" marginwidth=\"0\" marginheight=\"0\" scrolling=\"no\"><\/iframe>\n<\/div><\/figure>\n","protected":false},"excerpt":{"rendered":"<p>Lunes 24 de julio 2023 Valle de Chalco, Edom\u00e9x. 24 de julio del 2023.- Una&#8230;<\/p>\n","protected":false},"author":3,"featured_media":61608,"comment_status":"closed","ping_status":"closed","sticky":false,"template":"","format":"standard","meta":{"footnotes":""},"categories":[4],"tags":[],"class_list":["post-61607","post","type-post","status-publish","format-standard","has-post-thumbnail","hentry","category-noticias-del-dia"],"_links":{"self":[{"href":"https:\/\/bambapolitica.com.mx\/index.php\/wp-json\/wp\/v2\/posts\/61607","targetHints":{"allow":["GET"]}}],"collection":[{"href":"https:\/\/bambapolitica.com.mx\/index.php\/wp-json\/wp\/v2\/posts"}],"about":[{"href":"https:\/\/bambapolitica.com.mx\/index.php\/wp-json\/wp\/v2\/types\/post"}],"author":[{"embeddable":true,"href":"https:\/\/bambapolitica.com.mx\/index.php\/wp-json\/wp\/v2\/users\/3"}],"replies":[{"embeddable":true,"href":"https:\/\/bambapolitica.com.mx\/index.php\/wp-json\/wp\/v2\/comments?post=61607"}],"version-history":[{"count":1,"href":"https:\/\/bambapolitica.com.mx\/index.php\/wp-json\/wp\/v2\/posts\/61607\/revisions"}],"predecessor-version":[{"id":61609,"href":"https:\/\/bambapolitica.com.mx\/index.php\/wp-json\/wp\/v2\/posts\/61607\/revisions\/61609"}],"wp:featuredmedia":[{"embeddable":true,"href":"https:\/\/bambapolitica.com.mx\/index.php\/wp-json\/wp\/v2\/media\/61608"}],"wp:attachment":[{"href":"https:\/\/bambapolitica.com.mx\/index.php\/wp-json\/wp\/v2\/media?parent=61607"}],"wp:term":[{"taxonomy":"category","embeddable":true,"href":"https:\/\/bambapolitica.com.mx\/index.php\/wp-json\/wp\/v2\/categories?post=61607"},{"taxonomy":"post_tag","embeddable":true,"href":"https:\/\/bambapolitica.com.mx\/index.php\/wp-json\/wp\/v2\/tags?post=61607"}],"curies":[{"name":"wp","href":"https:\/\/api.w.org\/{rel}","templated":true}]}}