{"id":61906,"date":"2023-08-03T12:10:49","date_gmt":"2023-08-03T18:10:49","guid":{"rendered":"http:\/\/bambapolitica.com.mx\/?p=61906"},"modified":"2023-08-03T12:11:01","modified_gmt":"2023-08-03T18:11:01","slug":"sin-marchas-pero-con-11-mitines-la-cdmx-este-3-de-agosto-de-2023","status":"publish","type":"post","link":"https:\/\/bambapolitica.com.mx\/index.php\/2023\/08\/03\/sin-marchas-pero-con-11-mitines-la-cdmx-este-3-de-agosto-de-2023\/","title":{"rendered":"Sin marchas, pero con 11 m\u00edtines, la CDMX este 3 de agosto de 2023"},"content":{"rendered":"\n<p>Jueves 3 de agosto 2023<\/p>\n\n\n\n<p>Este&nbsp;<strong>jueves 3 de agosto de 2023<\/strong>&nbsp;se esperan varias marchas y manifestaciones a lo largo del d\u00eda en la&nbsp;<a href=\"http:\/\/www.unotv.com\/cdmx\/\" target=\"_blank\" rel=\"noreferrer noopener\">Ciudad de M\u00e9xico (CDMX)<\/a>, para evitar que quedes atrapado en el tr\u00e1fico y las aglomeraciones,&nbsp;<a href=\"https:\/\/www.unotv.com\/\" target=\"_blank\" rel=\"noreferrer noopener\"><strong>Unotv.com<\/strong><\/a>&nbsp;tiene para ti todos los detalles que necesitas saber.<\/p>\n\n\n\n<h2 class=\"wp-block-heading\">\u00bfEn qu\u00e9 partes de CDMX habr\u00e1 marchas y manifestaciones hoy?<\/h2>\n\n\n\n<h3 class=\"wp-block-heading\">Miguel Hidalgo<\/h3>\n\n\n\n<p>A\u00fan con la agenda despejada, este jueves las movilizaciones en la CDMX comenzar\u00e1n en Cuauht\u00e9moc a las 9:00 horas con un mitin de Siembra Cultura A.C. en la explanada de la&nbsp;<strong>Estela de Luz<\/strong>&nbsp;de Lieja 270, Bosque de Chapultepec 1a Secci\u00f3n, donde realizar\u00e1 su mesa informativa y asamblea sobre el uso de la medicina alternativa, tradicional y beneficios de la marihuana.<\/p>\n\n\n\n<p>Despu\u00e9s, a las 11:00 horas se espera una protesta de la Asamblea de Trabajadoras y Trabajadores de Medios y la Comunicaci\u00f3n Contra la Precarizaci\u00f3n Laboral en la&nbsp;<strong>Embajada de la Rep\u00fablica Federal de Alemania<\/strong>, en Avenida Horacio 1506, colonia Polanco 1a Secci\u00f3n, contra la marca alemana due\u00f1a del sitio de noticias, negocios y tecnolog\u00eda<br>\u201cBusiness Insider M\u00e9xico\u201d, ante las supuestas ilegalidades que cometen en material laboral.<\/p>\n\n\n\n<h3 class=\"wp-block-heading\">Cuauht\u00e9moc<\/h3>\n\n\n\n<p>Asimismo, a las 9:00 horas se registrar\u00e1 un mitin de Suma J\u00f3venes Morena en el&nbsp;<strong>Sal\u00f3n Barcelona<\/strong>, en Barcelona 26, colonia Ju\u00e1rez, donde se realizar\u00e1 el segundo encuentro \u201cSave The Date\u201d, en apoyo a Claudia Sheinbaum, ex jefa de Gobierno de la CDMX y aspirante a las elecciones 2024.<\/p>\n\n\n\n<p>Mientras que a las 10:00 horas se prev\u00e9 una protesta de Pensionados y Jubilados de la Polic\u00eda Auxiliar de la Ciudad de M\u00e9xico (Pejupa) en las&nbsp;<strong>oficinas alternas del Congreso de la Ciudad de M\u00e9xico<\/strong>, en Fray Pedro de Gante 15, colonia Centro Hist\u00f3rico, para exigir la no aplicaci\u00f3n de la&nbsp;<a href=\"https:\/\/www.unotv.com\/negocios\/uma-subira-a-103-74-pesos-en-2023-anuncia-inegi-que-es-y-para-que-sirve\/\" target=\"_blank\" rel=\"noreferrer noopener\">Unidad de Medida y Actualizaci\u00f3n (<strong>UMA<\/strong>)<\/a>, a sus pensiones y jubilaciones, as\u00ed como el pago de la gratificaci\u00f3n anual extraordinaria de fin de a\u00f1o.<\/p>\n\n\n\n<p>A la misma hora, las 10:00, habr\u00e1 concentraci\u00f3n del Fondo de Previsi\u00f3n Social a Trav\u00e9s del Fideicomiso de los Trabajadores (FIDETRAB) en la sede del&nbsp;<strong>Sindicato Mexicano de Electricistas (SME)<\/strong>, en Avenida Insurgentes Norte 98, colonia Tabacalera, donde realizar\u00e1n el pago de dividendos a miembros activos de los distintos departamentos, secciones y divisiones de salud pertenecientes al SME.<\/p>\n\n\n\n<p>Toda vez que a las 11:00 horas se espera una manifestaci\u00f3n del Frente Nacional de Movimientos y Organizaciones Populares (FNAMOP) afuera de la&nbsp;<strong>Jefatura de Gobierno<\/strong>, en Plaza de la Constituci\u00f3n 2, colonia Centro, para exigir al Gobierno de la Ciudad de M\u00e9xico atenci\u00f3n a sus demandas de vivienda.<\/p>\n\n\n\n<p>Asimismo, a las 12:00 horas se registrar\u00e1 una protesta del colectivo feminista Morterf en el&nbsp;<strong>Z\u00f3calo de la Ciudad de M\u00e9xico<\/strong>, en Plaza de la Constituci\u00f3n, colonia Centro, \u201cEl Feminismo No Encubre Agresoras\u201d, en apoyo a una de sus integrantes, v\u00edctima de abuso sexual.<\/p>\n\n\n\n<p>En tanto que, tambi\u00e9n a las 12:00 horas, se prev\u00e9 un mitin de La Plataforma 420 en el&nbsp;<strong>Monumento a la Madre<\/strong>, en Avenida Insurgentes Sur y Calzada Manuel Villalong\u00edn, colonia Cuauht\u00e9moc, donde realizar\u00e1 una jornada art\u00edstico-cultural por un trato digno para los consumidores de cannabis, adem\u00e1s de una mesa informativa para el tr\u00e1mite del permiso del libre cultivo, posesi\u00f3n y consumo.<\/p>\n\n\n\n<h3 class=\"wp-block-heading\" id=\"h-xochimilco\">Xochimilco<\/h3>\n\n\n\n<p>Por otra parte, a las 12:30 horas se espera un mitin de militantes y simpatizantes de Morena en el&nbsp;<strong>Centro Hist\u00f3rico de Xochimilco<\/strong>, en 16 de Septiembre y Vicente Guerrero, colonia Barrio el Rosario, donde Ad\u00e1n Augusto L\u00f3pez, ex secretario de Gobernaci\u00f3n y aspirante a las&nbsp;<a href=\"https:\/\/www.unotv.com\/etiquetas\/elecciones-de-mexico-2024\/\" target=\"_blank\" rel=\"noreferrer noopener\">elecciones 2024<\/a>, realizar\u00e1 una asamblea informativa.<\/p>\n\n\n\n<h3 class=\"wp-block-heading\">Coyoac\u00e1n<\/h3>\n\n\n\n<p>Mientras que a las 14:00 horas se prev\u00e9 un mitin de militantes y simpatizantes de Morena en el&nbsp;<strong>Parque Centenario<\/strong>, en el cruce de Centenario y Avenida Francisco Sosa, colonia Villa Coyoac\u00e1n, donde Ad\u00e1n Augusto L\u00f3pez, ex secretario de Gobernaci\u00f3n y aspirante a las elecciones 2024, realizar\u00e1 una asamblea informativa.<\/p>\n\n\n\n<h3 class=\"wp-block-heading\">Iztacalco<\/h3>\n\n\n\n<p>Y a las 18:30 horas se espera un mitin de Morena en el&nbsp;<strong>parque Pantitl\u00e1n<\/strong>, en Calle 6 n\u00famero 353, colonia Agr\u00edcola Pantitl\u00e1n, donde realizar\u00e1 una asamblea de credencializaci\u00f3n de militantes del partido.<\/p>\n\n\n\n<h3 class=\"wp-block-heading\">Venustiano Carranza<\/h3>\n\n\n\n<p>En tanto que durante el d\u00eda se registrar\u00e1n m\u00edtines del Movimiento Ind\u00edgena de Artesanos de la Ciudad de M\u00e9xico en el acceso a la Terminal 1 del\u00a0<strong>Aeropuerto Internacional de la Ciudad de M\u00e9xico (AICM)<\/strong>, en Avenida Capit\u00e1n Carlos Le\u00f3n, colonia Pe\u00f1\u00f3n de los Ba\u00f1os, por la falta de atenci\u00f3n de las autoridades a su petici\u00f3n de asignaci\u00f3n de 117 espacios para la venta de sus productos en la\u00a0<a rel=\"noreferrer noopener\" href=\"https:\/\/www.unotv.com\/turismo\/ix-fiesta-de-las-culturas-indigenas-2023-en-el-zocalo-cdmx-fechas-costo-y-horarios\/\" target=\"_blank\">Feria de las Culturas Ind\u00edgenas<\/a>, del 4 al 20 de agosto, en el Z\u00f3calo capitalino.<\/p>\n\n\n\n<p><a href=\"https:\/\/www.unotv.com\/estados\/ciudad-de-mexico\/movilizaciones-marchas-y-protestas-cdmx-3-de-agosto-de-2023\/\">https:\/\/www.unotv.com\/estados\/ciudad-de-mexico\/movilizaciones-marchas-y-protestas-cdmx-3-de-agosto-de-2023\/<\/a><\/p>\n","protected":false},"excerpt":{"rendered":"<p>Jueves 3 de agosto 2023 Este&nbsp;jueves 3 de agosto de 2023&nbsp;se esperan varias marchas y&#8230;<\/p>\n","protected":false},"author":3,"featured_media":61907,"comment_status":"closed","ping_status":"closed","sticky":false,"template":"","format":"standard","meta":{"footnotes":""},"categories":[4],"tags":[],"class_list":["post-61906","post","type-post","status-publish","format-standard","has-post-thumbnail","hentry","category-noticias-del-dia"],"_links":{"self":[{"href":"https:\/\/bambapolitica.com.mx\/index.php\/wp-json\/wp\/v2\/posts\/61906","targetHints":{"allow":["GET"]}}],"collection":[{"href":"https:\/\/bambapolitica.com.mx\/index.php\/wp-json\/wp\/v2\/posts"}],"about":[{"href":"https:\/\/bambapolitica.com.mx\/index.php\/wp-json\/wp\/v2\/types\/post"}],"author":[{"embeddable":true,"href":"https:\/\/bambapolitica.com.mx\/index.php\/wp-json\/wp\/v2\/users\/3"}],"replies":[{"embeddable":true,"href":"https:\/\/bambapolitica.com.mx\/index.php\/wp-json\/wp\/v2\/comments?post=61906"}],"version-history":[{"count":1,"href":"https:\/\/bambapolitica.com.mx\/index.php\/wp-json\/wp\/v2\/posts\/61906\/revisions"}],"predecessor-version":[{"id":61908,"href":"https:\/\/bambapolitica.com.mx\/index.php\/wp-json\/wp\/v2\/posts\/61906\/revisions\/61908"}],"wp:featuredmedia":[{"embeddable":true,"href":"https:\/\/bambapolitica.com.mx\/index.php\/wp-json\/wp\/v2\/media\/61907"}],"wp:attachment":[{"href":"https:\/\/bambapolitica.com.mx\/index.php\/wp-json\/wp\/v2\/media?parent=61906"}],"wp:term":[{"taxonomy":"category","embeddable":true,"href":"https:\/\/bambapolitica.com.mx\/index.php\/wp-json\/wp\/v2\/categories?post=61906"},{"taxonomy":"post_tag","embeddable":true,"href":"https:\/\/bambapolitica.com.mx\/index.php\/wp-json\/wp\/v2\/tags?post=61906"}],"curies":[{"name":"wp","href":"https:\/\/api.w.org\/{rel}","templated":true}]}}