{"id":63708,"date":"2023-10-10T13:14:43","date_gmt":"2023-10-10T19:14:43","guid":{"rendered":"http:\/\/bambapolitica.com.mx\/?p=63708"},"modified":"2023-10-10T13:19:05","modified_gmt":"2023-10-10T19:19:05","slug":"banda-recrea-balacera-durante-fiesta-de-xv-anos-en-torreon","status":"publish","type":"post","link":"https:\/\/bambapolitica.com.mx\/index.php\/2023\/10\/10\/banda-recrea-balacera-durante-fiesta-de-xv-anos-en-torreon\/","title":{"rendered":"Banda recrea \u2018balacera\u2019 durante fiesta de XV a\u00f1os en Torre\u00f3n"},"content":{"rendered":"\n<p>10 Octubre 2023<\/p>\n\n\n\n<p>La agrupaci\u00f3n musical interpret\u00f3 un corrido b\u00e9lico escenificando una balacera en donde sus instrumentos eran armas de fuego.<\/p>\n\n\n\n<p>Mientras en varios puntos del pa\u00eds se registran tiroteos entre grupos delincuenciales, una banda en Torre\u00f3n, Coahuila, pens\u00f3 que era buena idea recrear un tiroteo como parte del show de entretenimiento en una fiesta de XV a\u00f1os, generando comentarios diversos a trav\u00e9s de redes sociales.<\/p>\n\n\n\n<p>En un video publicado en TikTok se puede observar a ocho j\u00f3venes de una agrupaci\u00f3n musical usando sus instrumentos como si se tratara de armas de fuego mientras est\u00e1n interpretando un corrido b\u00e9lico.<\/p>\n\n\n\n<p>El clip de 24 segundos ha causado indignaci\u00f3n entre los usuarios de la red social de micro videos por la escena de la balacera, sin embargo, algunos defendieron el g\u00e9nero y la interpretaci\u00f3n asegurando que una expresi\u00f3n art\u00edstica puede retratar de esa manera una denuncia social.<\/p>\n\n\n\n<p>\u00bfCu\u00e1l es la diferencia entre corrido b\u00e9lico y corrido tumbado?<br>Existe un debate sobre la influencia que pueden tener los corridos sobre las decisiones que toman los j\u00f3venes, sobre todo con aquellos que dibujan la cultura del narco llena de poder, mujeres y dinero.<\/p>\n\n\n\n<p>Actualmente, los corridos b\u00e9licos o \u2018Belicones\u2019 se encuentran entre las canciones m\u00e1s escuchadas en plataformas digitales con exponentes del g\u00e9nero como Peso Pluma, quien es uno de los \u00eddolos musicales de j\u00f3venes de 15 a 25 a\u00f1os.<\/p>\n\n\n\n<p>A diferencia de los corridos tumbados, que son una fusi\u00f3n entre el urbano y el regional mexicano, los corridos b\u00e9licos son historias cantadas en las que se tiene un personaje principal y algunos secundarios, en donde se tocan temas de violencia en donde, la mayor\u00eda de las veces, el protagonista triunfa y es celebrado.<\/p>\n\n\n\n<p>Otros temas que se abordan en las beliconas son los enfrentamientos armados, violencia expl\u00edcita, tr\u00e1fico de personas y consumo de drogas, entre otros.<\/p>\n\n\n\n<p>Los j\u00f3venes se sienten atra\u00eddos por estas canciones porque las historias se desarrollan en ambientes de fiestas, excesos y vida sexual de los protagonistas.<\/p>\n","protected":false},"excerpt":{"rendered":"<p>10 Octubre 2023 La agrupaci\u00f3n musical interpret\u00f3 un corrido b\u00e9lico escenificando una balacera en donde&#8230;<\/p>\n","protected":false},"author":3,"featured_media":63709,"comment_status":"closed","ping_status":"closed","sticky":false,"template":"","format":"standard","meta":{"footnotes":""},"categories":[2],"tags":[],"class_list":["post-63708","post","type-post","status-publish","format-standard","has-post-thumbnail","hentry","category-policiaca"],"_links":{"self":[{"href":"https:\/\/bambapolitica.com.mx\/index.php\/wp-json\/wp\/v2\/posts\/63708","targetHints":{"allow":["GET"]}}],"collection":[{"href":"https:\/\/bambapolitica.com.mx\/index.php\/wp-json\/wp\/v2\/posts"}],"about":[{"href":"https:\/\/bambapolitica.com.mx\/index.php\/wp-json\/wp\/v2\/types\/post"}],"author":[{"embeddable":true,"href":"https:\/\/bambapolitica.com.mx\/index.php\/wp-json\/wp\/v2\/users\/3"}],"replies":[{"embeddable":true,"href":"https:\/\/bambapolitica.com.mx\/index.php\/wp-json\/wp\/v2\/comments?post=63708"}],"version-history":[{"count":3,"href":"https:\/\/bambapolitica.com.mx\/index.php\/wp-json\/wp\/v2\/posts\/63708\/revisions"}],"predecessor-version":[{"id":63712,"href":"https:\/\/bambapolitica.com.mx\/index.php\/wp-json\/wp\/v2\/posts\/63708\/revisions\/63712"}],"wp:featuredmedia":[{"embeddable":true,"href":"https:\/\/bambapolitica.com.mx\/index.php\/wp-json\/wp\/v2\/media\/63709"}],"wp:attachment":[{"href":"https:\/\/bambapolitica.com.mx\/index.php\/wp-json\/wp\/v2\/media?parent=63708"}],"wp:term":[{"taxonomy":"category","embeddable":true,"href":"https:\/\/bambapolitica.com.mx\/index.php\/wp-json\/wp\/v2\/categories?post=63708"},{"taxonomy":"post_tag","embeddable":true,"href":"https:\/\/bambapolitica.com.mx\/index.php\/wp-json\/wp\/v2\/tags?post=63708"}],"curies":[{"name":"wp","href":"https:\/\/api.w.org\/{rel}","templated":true}]}}