{"id":63713,"date":"2023-10-10T13:21:11","date_gmt":"2023-10-10T19:21:11","guid":{"rendered":"http:\/\/bambapolitica.com.mx\/?p=63713"},"modified":"2023-10-10T13:21:14","modified_gmt":"2023-10-10T19:21:14","slug":"familia-acude-a-funeral-y-a-su-regreso-mueren-7-en-un-choque-en-nl","status":"publish","type":"post","link":"https:\/\/bambapolitica.com.mx\/index.php\/2023\/10\/10\/familia-acude-a-funeral-y-a-su-regreso-mueren-7-en-un-choque-en-nl\/","title":{"rendered":"Familia acude a funeral y a su regreso mueren 7 en un choque en NL"},"content":{"rendered":"\n<p>10 Octubre 2023<\/p>\n\n\n\n<p>La camioneta en la que viajaban los fallecidos es una Venture en color gris en la cual se trasladaban siete personas que perdieron la vida tras chocar con un autob\u00fas<\/p>\n\n\n\n<p>Siete integrantes de una familia que regresaba de un velorio en el vecino estado de Coahuila fallecieron cuando la camioneta en que viajaban choc\u00f3 con un autob\u00fas, en la carretera a Monclova.<\/p>\n\n\n\n<p>Los hechos se registraron la tarde de este lunes en el kil\u00f3metro 110 de la mencionada v\u00eda a la altura de Mina, Nuevo Le\u00f3n.<\/p>\n\n\n\n<p>La camioneta en la que viajaban los fallecidos es una Venture en color gris la cual estaba tripulada por las siete personas que perdieron la vida en el lugar de los sucesos.<\/p>\n\n\n\n<p>Protecci\u00f3n Civil del estado estableci\u00f3 que los fallecidos hab\u00edan estado en un velorio en Cuatro Ci\u00e9negas y el accidente ocurri\u00f3 cuando ven\u00edan de regreso.<br>Las v\u00edctimas mortales del percance son: Mar\u00eda del Carmen Rodr\u00edguez, de 59 a\u00f1os; Alondra Elizabeth Maldonado Rodr\u00edguez, de 35 a\u00f1os; V\u00edctor \u00c1lvarez, de 35, as\u00ed como los menores Jonathan \u00c1lvarez, de 14; Bryan \u00c1lvarez, de 13; Jimena Elizabeth \u00c1lvarez, de 7 a\u00f1os y V\u00edctor \u00c1lvarez, de 3.<\/p>\n\n\n\n<p>Tambi\u00e9n result\u00f3 una persona lesionada, identificada como Juana Mar\u00eda Maldonado de quien no se revel\u00f3 la edad, pero se inform\u00f3 que fue trasladada a un hospital en Monclova, Coahuila para su atenci\u00f3n m\u00e9dica.<\/p>\n\n\n\n<p>En los hechos participaron la camioneta Venture color gris, un autob\u00fas de la empresa ST Charter @ Buses, con placas de Texas, cuyo conductor se dio a la fuga, y una camioneta Ford Lobo con placas de Coahuila conducida por Alejandro Jigen, de 40 a\u00f1os, quien no present\u00f3 lesiones.<\/p>\n","protected":false},"excerpt":{"rendered":"<p>10 Octubre 2023 La camioneta en la que viajaban los fallecidos es una Venture en&#8230;<\/p>\n","protected":false},"author":3,"featured_media":63714,"comment_status":"closed","ping_status":"closed","sticky":false,"template":"","format":"standard","meta":{"footnotes":""},"categories":[2],"tags":[],"class_list":["post-63713","post","type-post","status-publish","format-standard","has-post-thumbnail","hentry","category-policiaca"],"_links":{"self":[{"href":"https:\/\/bambapolitica.com.mx\/index.php\/wp-json\/wp\/v2\/posts\/63713","targetHints":{"allow":["GET"]}}],"collection":[{"href":"https:\/\/bambapolitica.com.mx\/index.php\/wp-json\/wp\/v2\/posts"}],"about":[{"href":"https:\/\/bambapolitica.com.mx\/index.php\/wp-json\/wp\/v2\/types\/post"}],"author":[{"embeddable":true,"href":"https:\/\/bambapolitica.com.mx\/index.php\/wp-json\/wp\/v2\/users\/3"}],"replies":[{"embeddable":true,"href":"https:\/\/bambapolitica.com.mx\/index.php\/wp-json\/wp\/v2\/comments?post=63713"}],"version-history":[{"count":1,"href":"https:\/\/bambapolitica.com.mx\/index.php\/wp-json\/wp\/v2\/posts\/63713\/revisions"}],"predecessor-version":[{"id":63715,"href":"https:\/\/bambapolitica.com.mx\/index.php\/wp-json\/wp\/v2\/posts\/63713\/revisions\/63715"}],"wp:featuredmedia":[{"embeddable":true,"href":"https:\/\/bambapolitica.com.mx\/index.php\/wp-json\/wp\/v2\/media\/63714"}],"wp:attachment":[{"href":"https:\/\/bambapolitica.com.mx\/index.php\/wp-json\/wp\/v2\/media?parent=63713"}],"wp:term":[{"taxonomy":"category","embeddable":true,"href":"https:\/\/bambapolitica.com.mx\/index.php\/wp-json\/wp\/v2\/categories?post=63713"},{"taxonomy":"post_tag","embeddable":true,"href":"https:\/\/bambapolitica.com.mx\/index.php\/wp-json\/wp\/v2\/tags?post=63713"}],"curies":[{"name":"wp","href":"https:\/\/api.w.org\/{rel}","templated":true}]}}