{"id":64117,"date":"2023-10-20T10:53:07","date_gmt":"2023-10-20T16:53:07","guid":{"rendered":"http:\/\/bambapolitica.com.mx\/?p=64117"},"modified":"2023-10-20T11:10:14","modified_gmt":"2023-10-20T17:10:14","slug":"llego-en-auto-a-calle-de-los-reyes-asesino-a-su-victima-a-balazos-y-luego-escapo-en-motocicleta-se-le-siguio-y-detuvo","status":"publish","type":"post","link":"https:\/\/bambapolitica.com.mx\/index.php\/2023\/10\/20\/llego-en-auto-a-calle-de-los-reyes-asesino-a-su-victima-a-balazos-y-luego-escapo-en-motocicleta-se-le-siguio-y-detuvo\/","title":{"rendered":"LLEG\u00d3 EN AUTO A CALLE DE LOS REYES, ASESIN\u00d3 A SU VICTIMA A BALAZOS Y LUEGO ESCAP\u00d3 EN MOTOCICLETA; SE LE SIGUI\u00d3 Y DETUVO"},"content":{"rendered":"\n<p>OCTUBRE 20, 2023<\/p>\n\n\n\n<ul class=\"wp-block-list\">\n<li>Con el sistema de Arcos Carreteros obtuvieron datos precisos del autom\u00f3vil.<\/li>\n\n\n\n<li>_Con c\u00e1maras de videovigilancia de la infraestructura estatal, dieron seguimiento en tiempo real a la ruta establecida por la unidad.<\/li>\n\n\n\n<li>Se le encontr\u00f3 droga.<\/li>\n<\/ul>\n\n\n\n<p>10:30 hrs.<\/p>\n\n\n\n<p>La Paz, Edom\u00e9x. 20 de octubre de 2023.- En atenci\u00f3n a una consigna operativa, y derivado de trabajos de vigilancia y rastreo, elementos de la Secretar\u00eda de Seguridad (SS) localizaron y aseguraron un veh\u00edculo aparentemente utilizado en la comisi\u00f3n de un homicidio; en la acci\u00f3n, detuvieron a un hombre probable implicado en delitos contra la salud y encubrimiento por receptaci\u00f3n.<\/p>\n\n\n\n<p>El pasado 17 de octubre, mediante el Centro de Atenci\u00f3n de Llamadas de Emergencia (CALLE) 9-1-1, personal de esta dependencia del Centro de Control, Comando, Comunicaci\u00f3n, C\u00f3mputo y Calidad (C5) tuvo conocimiento del ataque con arma de fuego en agravio de un hombre, ocurrido sobre la avenida Texcoco, esquina con calle 12, en la colonia Valle de Los Reyes, en el municipio de La Paz; de manera inmediata avisaron a uniformados estatales en campo para su atenci\u00f3n.<br>Al arribar al lugar, los polic\u00edas estatales observaron un veh\u00edculo de la marca Nissan, Sentra, color vino y en el interior localizaron a un hombre con lesiones por proyectil de arma de fuego a la altura del brazo derecho y l\u00ednea media axilar. Enseguida, reportaron el deceso y avisaron a la Fiscal\u00eda General de Justicia del Estado (FGJEM) de M\u00e9xico a fin de realizar las diligencias correspondientes.<\/p>\n\n\n\n<p>Tras el an\u00e1lisis videogr\u00e1fico, operadores del C5 captaron que un sujeto descendi\u00f3 de un autom\u00f3vil de la marca Volkswagen Pointer, color blanco y en actitud sospechosa, aparentemente el cual vigilaba a la v\u00edctima. Minutos m\u00e1s tarde observaron c\u00f3mo el individuo cruz\u00f3 la vialidad y realiz\u00f3 detonaciones de arma de fuego en contra del ciudadano y posteriormente huy\u00f3 sobre la calle 12, donde abord\u00f3 una motocicleta y calles m\u00e1s adelante subi\u00f3 nuevamente al autom\u00f3vil.<br>Con c\u00e1maras de la infraestructura estatal, se dio seguimiento en tiempo real a la ruta establecida por la unidad motriz y fue detectado su ingreso en un hotel localizado en la carretera Federal M\u00e9xico \u2013 Texcoco, en la colonia El Pino, a la vez que avisaron a polic\u00edas estatales en campo para su detenci\u00f3n.<\/p>\n\n\n\n<p>Polic\u00edas de la SS adscritos a la Direcci\u00f3n General de Combate al Robo de veh\u00edculos y Transporte (DGCRVyT) implementaron trabajos de vigilancia en la zona y horas m\u00e1s tarde, visualizaron que del establecimiento sali\u00f3 un veh\u00edculo que cumpl\u00eda con las caracter\u00edsticas se\u00f1aladas en la consigna; conforme a protocolo de actuaci\u00f3n, le dieron alcance sobre la misma vialidad y por medio de comandos verbales le marcaron el alto al conductor para realizar una revisi\u00f3n de los datos de identificaci\u00f3n vehicular.<\/p>\n\n\n\n<p>Tras cotejar la informaci\u00f3n con el Centro de Monitoreo estatal, confirmaron que se trataba de la unidad referida en la consigna; as\u00ed mismo, decomisaron 10 envoltorios con una hierba similar a la marihuana y cinco envoltorios de aparente coca\u00edna. Luego de informar la situaci\u00f3n legal del veh\u00edculo, los oficiales detuvieron a Felipe \u201cN\u201d de 57 a\u00f1os de edad.<\/p>\n\n\n\n<p>El detenido junto con el autom\u00f3vil y los indicios asegurados, fueron presentados ante la Agencia del Ministerio P\u00fablico correspondiente, donde se inici\u00f3 la carpeta de investigaci\u00f3n a fin de determinar su situaci\u00f3n jur\u00eddica; en tanto, las investigaciones contin\u00faan para dar con los posibles c\u00f3mplices.<\/p>\n","protected":false},"excerpt":{"rendered":"<p>OCTUBRE 20, 2023 10:30 hrs. La Paz, Edom\u00e9x. 20 de octubre de 2023.- En atenci\u00f3n&#8230;<\/p>\n","protected":false},"author":3,"featured_media":64118,"comment_status":"closed","ping_status":"closed","sticky":false,"template":"","format":"standard","meta":{"footnotes":""},"categories":[2],"tags":[],"class_list":["post-64117","post","type-post","status-publish","format-standard","has-post-thumbnail","hentry","category-policiaca"],"_links":{"self":[{"href":"https:\/\/bambapolitica.com.mx\/index.php\/wp-json\/wp\/v2\/posts\/64117","targetHints":{"allow":["GET"]}}],"collection":[{"href":"https:\/\/bambapolitica.com.mx\/index.php\/wp-json\/wp\/v2\/posts"}],"about":[{"href":"https:\/\/bambapolitica.com.mx\/index.php\/wp-json\/wp\/v2\/types\/post"}],"author":[{"embeddable":true,"href":"https:\/\/bambapolitica.com.mx\/index.php\/wp-json\/wp\/v2\/users\/3"}],"replies":[{"embeddable":true,"href":"https:\/\/bambapolitica.com.mx\/index.php\/wp-json\/wp\/v2\/comments?post=64117"}],"version-history":[{"count":2,"href":"https:\/\/bambapolitica.com.mx\/index.php\/wp-json\/wp\/v2\/posts\/64117\/revisions"}],"predecessor-version":[{"id":64124,"href":"https:\/\/bambapolitica.com.mx\/index.php\/wp-json\/wp\/v2\/posts\/64117\/revisions\/64124"}],"wp:featuredmedia":[{"embeddable":true,"href":"https:\/\/bambapolitica.com.mx\/index.php\/wp-json\/wp\/v2\/media\/64118"}],"wp:attachment":[{"href":"https:\/\/bambapolitica.com.mx\/index.php\/wp-json\/wp\/v2\/media?parent=64117"}],"wp:term":[{"taxonomy":"category","embeddable":true,"href":"https:\/\/bambapolitica.com.mx\/index.php\/wp-json\/wp\/v2\/categories?post=64117"},{"taxonomy":"post_tag","embeddable":true,"href":"https:\/\/bambapolitica.com.mx\/index.php\/wp-json\/wp\/v2\/tags?post=64117"}],"curies":[{"name":"wp","href":"https:\/\/api.w.org\/{rel}","templated":true}]}}