{"id":64147,"date":"2023-10-23T10:15:04","date_gmt":"2023-10-23T16:15:04","guid":{"rendered":"http:\/\/bambapolitica.com.mx\/?p=64147"},"modified":"2023-10-23T10:15:11","modified_gmt":"2023-10-23T16:15:11","slug":"mejora-en-cinco-municipios-de-edomex-percepcion-de-seguridad","status":"publish","type":"post","link":"https:\/\/bambapolitica.com.mx\/index.php\/2023\/10\/23\/mejora-en-cinco-municipios-de-edomex-percepcion-de-seguridad\/","title":{"rendered":"Mejora en cinco municipios de Edomex percepci\u00f3n de seguridad"},"content":{"rendered":"\n<p>OCTUBRE 23, 2023<\/p>\n\n\n\n<p>Los municipios de Atizap\u00e1n, Chimalhuac\u00e1n, Tlalnepantla, Ecatepec y Nezahualc\u00f3yotl, disminuyeron los \u00edndices de percepci\u00f3n de inseguridad entre la poblaci\u00f3n<br>Los municipios de Atizap\u00e1n de Zaragoza, Chimalhuac\u00e1n, Tlalnepantla, Ecatepec y Nezahualc\u00f3yotl, disminuyeron los \u00edndices de percepci\u00f3n de inseguridad entre la poblaci\u00f3n, mientras que en la entidad mejor\u00f3 su percepci\u00f3n de seguridad, dijo la gobernadora Delfina G\u00f3mez \u00c1lvarez, al presidir reuni\u00f3n 26 de la Mesa de Coordinaci\u00f3n para la Construcci\u00f3n de la Paz en Tlalnepantla.<\/p>\n\n\n\n<p>La representante del Ejecutivo Estatal, al reunirse con autoridades locales y de su gabinete en Tlalnepantla, dijo que de acuerdo con datos trimestrales de la Encuesta Nacional de Seguridad P\u00fablica Urbana, Atizap\u00e1n de Zaragoza, Chimalhuac\u00e1n, Tlalnepantla, Ecatepec y Nezahualc\u00f3yotl, disminuyeron sus \u00edndices de percepci\u00f3n de inseguridad entre la poblaci\u00f3n.<\/p>\n\n\n\n<p>La Gobernadora Delfina G\u00f3mez, dijo que se atienden de manera espec\u00edfica las necesidades particulares de cada uno de los municipios mexiquenses, para lograr m\u00e1s y mejores resultados en seguridad p\u00fablica.<\/p>\n\n\n\n<p>De acuerdo con la m\u00e1s reciente Encuesta Nacional de Seguridad P\u00fablica Urbana (ENSU), en los municipios de Atizap\u00e1n de Zaragoza, Chimalhuac\u00e1n, Tlalnepantla, Ecatepec y Nezahualc\u00f3yotl, incrementaron su percepci\u00f3n de seguridad entre la poblaci\u00f3n, se sienten m\u00e1s seguros, dijo.<\/p>\n\n\n\n<p>En la encuesta que se realiza cada tres meses por el Instituto Nacional de Estad\u00edstica y Geograf\u00eda (INEGI), se consideran 75 ciudades del pa\u00eds, y los resultados obtenidos, en el \u00faltimo trimestre del a\u00f1o, indican que en el municipio de Atizap\u00e1n de Zaragoza los \u00edndices de percepci\u00f3n de inseguridad disminuyeron en 8.6 por ciento; Chimalhuac\u00e1n redujo el 6.9 por ciento, Tlalnepantla baj\u00f3 4.1 por ciento; Ecatepec y Nezahualc\u00f3yotl disminuyeron en 3.4 y 2.6 por ciento, respectivamente.<\/p>\n\n\n\n<p>Durante la reuni\u00f3n n\u00famero 26, en la que estuvo presente el Presidente Municipal de Tlalnepantla, Marco Antonio Rodr\u00edguez Hurtado, la Maestra Delfina G\u00f3mez destac\u00f3 que la administraci\u00f3n estatal tiene como prioridad atender de manera particular a los municipios porque cada uno tiene necesidades espec\u00edficas que resolver, y con ello obtener resultados como los presentados este d\u00eda.<\/p>\n\n\n\n<p>En el caso particular de Tlalnepantla, municipio que tambi\u00e9n presenta una disminuci\u00f3n en los \u00edndices de homicidios dolosos, el Alcalde Marco Antonio Rodr\u00edguez Hurtado agradeci\u00f3 el trabajo coordinado con los tres niveles de gobierno para lograr resultados en materia de seguridad, entre ellos, la disminuci\u00f3n de delitos en 8.9 por ciento, y en el caso espec\u00edfico de los delitos de alto impacto, presentan una baja de 4.2 por ciento.<\/p>\n\n\n\n<p>Asistieron a esta Mesa de Coordinaci\u00f3n para la Construcci\u00f3n de la Paz, Horacio Duarte Olivares, Secretario General de Gobierno; y Andr\u00e9s Andrade T\u00e9llez, Secretario de Seguridad.<\/p>\n\n\n\n<p>Tambi\u00e9n los representantes de la Secretar\u00eda de la Defensa Nacional(Sedena); la Secretar\u00eda de Marina (Semar); la Fiscal\u00eda General de la Rep\u00fablica (FGR); la Fiscal\u00eda General de Justicia del Estado de M\u00e9xico (FGJEM); la&nbsp;Coordinaci\u00f3n Estatal de la Guardia Nacional&nbsp;(GN); el Centro Nacional de Inteligencia (CNI) en el Estado de M\u00e9xico; la Comisi\u00f3n de Derechos Humanos del Estado de M\u00e9xico (Codhem); la Coordinaci\u00f3n General de Protecci\u00f3n Civil y Gesti\u00f3n Integral del Riesgo; e integrantes del Gabinete Estatal.<\/p>\n\n\n\n<p>En su gira por este municipio la gobernadora Delfina G\u00f3mez se traslad\u00f3 al Centro de Convenciones y Eventos de la Secci\u00f3n 36 del Sindicato de Maestros en Los Reyes Iztacala, donde entreg\u00f3 apoyos a maestros, la gobernadora hizo un llamado a quienes correspondan para que no se limite el uso de los libros de texto por ser una herramienta para la ense\u00f1anza-aprendizaje b\u00e1sica para los maestros.<\/p>\n\n\n\n<p>Destac\u00f3 que el gobierno estatal anterior no los entreg\u00f3, pero al actual \u201cnos lleg\u00f3 un oficio informando que no se haga uso de los libros, yo hago un llamado para que permitan que esa herramienta importante y que es prioridad para pr\u00e1ctica educativa, se pueda utilizar\u201d.<br>\u201cNo con una demanda de unas 30 personas se debe limitar el derecho de millones de estudiantes del Estado de M\u00e9xico\u201d, dijo la gobernadora en un auditorio lleno de integrantes del magisterio.<\/p>\n\n\n\n<p>Agrego la gobernadora a los maestros al hacer entrega de basificaciones a integrantes del magisterio: \u201csi\u00e9ntanse orgullosos, esto no es un regalo, es un acto de justicia. No es producto de un d\u00eda a otro, es producto de muchas semanas viendo como se puede agilizar el pago y de donde se saca el recurso, algo que los motiva es esa educaci\u00f3n. Es uno de los factores que toma en cuenta nuestro Presidente para hacer este trabajo de basificaci\u00f3n\u201d.<br>Refiri\u00f3 que esa basificaci\u00f3n es un acto de justicia y esta es parte de una transformaci\u00f3n es verdadera, tenemos que seguir con esta transformaci\u00f3n de conciencia, no s\u00f3lo en la parte administrativa, sino tambi\u00e9n como gobernante.<\/p>\n\n\n\n<p>\u201cCuando hacemos alguna actividad, nos queda muy claro que aqu\u00ed en el Estado lo que debemos lograr es la unidad, si no estamos unidos va a ser dif\u00edcil llegar al cambio, pero si cada quien hace todo lo que le toca, entonces ser\u00e1 muy f\u00e1cil llegar a esa paz social\u201d, explic\u00f3.<\/p>\n","protected":false},"excerpt":{"rendered":"<p>OCTUBRE 23, 2023 Los municipios de Atizap\u00e1n, Chimalhuac\u00e1n, Tlalnepantla, Ecatepec y Nezahualc\u00f3yotl, disminuyeron los \u00edndices&#8230;<\/p>\n","protected":false},"author":3,"featured_media":64148,"comment_status":"closed","ping_status":"closed","sticky":false,"template":"","format":"standard","meta":{"footnotes":""},"categories":[4],"tags":[],"class_list":["post-64147","post","type-post","status-publish","format-standard","has-post-thumbnail","hentry","category-noticias-del-dia"],"_links":{"self":[{"href":"https:\/\/bambapolitica.com.mx\/index.php\/wp-json\/wp\/v2\/posts\/64147","targetHints":{"allow":["GET"]}}],"collection":[{"href":"https:\/\/bambapolitica.com.mx\/index.php\/wp-json\/wp\/v2\/posts"}],"about":[{"href":"https:\/\/bambapolitica.com.mx\/index.php\/wp-json\/wp\/v2\/types\/post"}],"author":[{"embeddable":true,"href":"https:\/\/bambapolitica.com.mx\/index.php\/wp-json\/wp\/v2\/users\/3"}],"replies":[{"embeddable":true,"href":"https:\/\/bambapolitica.com.mx\/index.php\/wp-json\/wp\/v2\/comments?post=64147"}],"version-history":[{"count":1,"href":"https:\/\/bambapolitica.com.mx\/index.php\/wp-json\/wp\/v2\/posts\/64147\/revisions"}],"predecessor-version":[{"id":64149,"href":"https:\/\/bambapolitica.com.mx\/index.php\/wp-json\/wp\/v2\/posts\/64147\/revisions\/64149"}],"wp:featuredmedia":[{"embeddable":true,"href":"https:\/\/bambapolitica.com.mx\/index.php\/wp-json\/wp\/v2\/media\/64148"}],"wp:attachment":[{"href":"https:\/\/bambapolitica.com.mx\/index.php\/wp-json\/wp\/v2\/media?parent=64147"}],"wp:term":[{"taxonomy":"category","embeddable":true,"href":"https:\/\/bambapolitica.com.mx\/index.php\/wp-json\/wp\/v2\/categories?post=64147"},{"taxonomy":"post_tag","embeddable":true,"href":"https:\/\/bambapolitica.com.mx\/index.php\/wp-json\/wp\/v2\/tags?post=64147"}],"curies":[{"name":"wp","href":"https:\/\/api.w.org\/{rel}","templated":true}]}}