{"id":64150,"date":"2023-10-23T10:18:42","date_gmt":"2023-10-23T16:18:42","guid":{"rendered":"http:\/\/bambapolitica.com.mx\/?p=64150"},"modified":"2023-10-23T10:18:43","modified_gmt":"2023-10-23T16:18:43","slug":"mexiquenses-90-con-temor-en-el-transporte","status":"publish","type":"post","link":"https:\/\/bambapolitica.com.mx\/index.php\/2023\/10\/23\/mexiquenses-90-con-temor-en-el-transporte\/","title":{"rendered":"Mexiquenses, 90% con temor en el transporte"},"content":{"rendered":"\n<p>OCTUBRE 23, 2023<\/p>\n\n\n\n<p>En varios de los municipios de la lista local las cifras han descendido<br>El transporte p\u00fablico es el lugar con mayor percepci\u00f3n de inseguridad para los&nbsp;habitantes de los municipios con mayor densidad de poblaci\u00f3n en el Estado de M\u00e9xico, durante el tercer trimestre de 2023; incluso, es considerado el de mayor peligro&nbsp;a nivel nacional.<\/p>\n\n\n\n<p>La estad\u00edstica que elabor\u00f3 el Instituto Nacional de Estad\u00edstica y Geograf\u00eda (Inegi) del mes de julio a septiembre, arroj\u00f3 que en promedio nueve&nbsp;de cada 10 mexiquenses mayores de 18 a\u00f1os manifestaron sentirse inseguros en las unidades que prestan el servicio urbano.<\/p>\n\n\n\n<p>Los datos se\u00f1alan&nbsp;que la entidad alberga un total de cinco municipios con mayor porcentaje de sensaci\u00f3n de inseguridad. En primer lugar se ubica Naucalpan con 93.8 por ciento,&nbsp;le sigue Nezahualc\u00f3yotl con 90.3 por ciento,&nbsp;en tercera posici\u00f3n Cuautitl\u00e1n Izcalli con 89.5 por ciento, en cuarta&nbsp;Toluca con 88.7 por ciento y Ecatepec con 88.7 por ciento. En dichas demarcaciones mexiquenses se registraron disminuciones considerables en comparaci\u00f3n con la encuesta que se public\u00f3 en el primer semestre del presente a\u00f1o.<br>Resguardo<br>Anteriormente hab\u00edan anunciado el&nbsp;arranque de&nbsp;operativos de \u201cTransporte P\u00fablico Seguro\u201d, los cuales se&nbsp;realizan de manera coordinada la Secretar\u00eda de Movilidad y elementos de tr\u00e1nsito de la&nbsp; Secretaria de Seguridad de la entidad (SSEM).<\/p>\n\n\n\n<p>Estas acciones se implementaron&nbsp;del&nbsp;mi\u00e9rcoles 18 al viernes 27 de octubre en dos turnos:&nbsp;de 6:00 a 8:30 y de 18:00 a 20:00 horas.<\/p>\n\n\n\n<p>En una primera etapa la estrategia comenz\u00f3 en el Valle de M\u00e9xico, principalmente en los municipios de Ecatepec, Tultitl\u00e1n, Neza y Tlalnepantla; sin embargo, la estrategia se desarrollar\u00e1 en otras demarcaciones del territorio mexiquense.<\/p>\n\n\n\n<p>Uno de los objetivos de estas labores es exhortar los conductores a no invadir el carril confinado del Mexib\u00fas, ya que,&nbsp; en los \u00faltimos tres a\u00f1os 96 personas han fallecido, principalmente automovilistas y motociclistas por hacer usos de este sitio exclusivo para dicho sistema de transporte masivo.<\/p>\n","protected":false},"excerpt":{"rendered":"<p>OCTUBRE 23, 2023 En varios de los municipios de la lista local las cifras han&#8230;<\/p>\n","protected":false},"author":3,"featured_media":64151,"comment_status":"closed","ping_status":"closed","sticky":false,"template":"","format":"standard","meta":{"footnotes":""},"categories":[4],"tags":[],"class_list":["post-64150","post","type-post","status-publish","format-standard","has-post-thumbnail","hentry","category-noticias-del-dia"],"_links":{"self":[{"href":"https:\/\/bambapolitica.com.mx\/index.php\/wp-json\/wp\/v2\/posts\/64150","targetHints":{"allow":["GET"]}}],"collection":[{"href":"https:\/\/bambapolitica.com.mx\/index.php\/wp-json\/wp\/v2\/posts"}],"about":[{"href":"https:\/\/bambapolitica.com.mx\/index.php\/wp-json\/wp\/v2\/types\/post"}],"author":[{"embeddable":true,"href":"https:\/\/bambapolitica.com.mx\/index.php\/wp-json\/wp\/v2\/users\/3"}],"replies":[{"embeddable":true,"href":"https:\/\/bambapolitica.com.mx\/index.php\/wp-json\/wp\/v2\/comments?post=64150"}],"version-history":[{"count":1,"href":"https:\/\/bambapolitica.com.mx\/index.php\/wp-json\/wp\/v2\/posts\/64150\/revisions"}],"predecessor-version":[{"id":64152,"href":"https:\/\/bambapolitica.com.mx\/index.php\/wp-json\/wp\/v2\/posts\/64150\/revisions\/64152"}],"wp:featuredmedia":[{"embeddable":true,"href":"https:\/\/bambapolitica.com.mx\/index.php\/wp-json\/wp\/v2\/media\/64151"}],"wp:attachment":[{"href":"https:\/\/bambapolitica.com.mx\/index.php\/wp-json\/wp\/v2\/media?parent=64150"}],"wp:term":[{"taxonomy":"category","embeddable":true,"href":"https:\/\/bambapolitica.com.mx\/index.php\/wp-json\/wp\/v2\/categories?post=64150"},{"taxonomy":"post_tag","embeddable":true,"href":"https:\/\/bambapolitica.com.mx\/index.php\/wp-json\/wp\/v2\/tags?post=64150"}],"curies":[{"name":"wp","href":"https:\/\/api.w.org\/{rel}","templated":true}]}}