{"id":65519,"date":"2023-11-27T13:24:20","date_gmt":"2023-11-27T19:24:20","guid":{"rendered":"http:\/\/bambapolitica.com.mx\/?p=65519"},"modified":"2023-11-27T13:24:21","modified_gmt":"2023-11-27T19:24:21","slug":"fil-de-guadalajara-se-llena-de-color-y-tecnologia-con-pabellon-de-la-union-europea","status":"publish","type":"post","link":"https:\/\/bambapolitica.com.mx\/index.php\/2023\/11\/27\/fil-de-guadalajara-se-llena-de-color-y-tecnologia-con-pabellon-de-la-union-europea\/","title":{"rendered":"FIL de Guadalajara se llena de color y tecnolog\u00eda con pabell\u00f3n de la Uni\u00f3n Europea"},"content":{"rendered":"\n<p>NOVIEMBRE 27, 2023<\/p>\n\n\n\n<p>El pabell\u00f3n de la Uni\u00f3n Europea en la FIL Guadalajara 2023 est\u00e1 inspirado en el movimiento art\u00edstico Bauhaus de la primera mitad del siglo XX<br>La Uni\u00f3n Europea llen\u00f3 de color y tecnolog\u00eda la mexicana Feria Internacional del Libro de Guadalajara (FIL) con la inauguraci\u00f3n este s\u00e1bado de su pabell\u00f3n, que lo distingue como el invitado de honor a la edici\u00f3n 37 de esta fiesta de los libros que se desarrolla del 25 de noviembre al 3 de diciembre en la ciudad de Guadalajara, en Jalisco.<\/p>\n\n\n\n<p>Publicado por Feria Internacional del Libro de Guadalajara en S\u00e1bado, 25 de noviembre de 2023<\/p>\n\n\n\n<p>El embajador de la Uni\u00f3n Europea (UE) en M\u00e9xico, Gautier Mignot, afirm\u00f3 durante la inauguraci\u00f3n que este espacio en medio del recinto ferial servir\u00e1 para conectar a los 27 pa\u00edses miembros de este bloque econ\u00f3mico y pol\u00edtico con los lectores para generar un di\u00e1logo abierto.<\/p>\n\n\n\n<p>El pabell\u00f3n est\u00e1 inspirado en el movimiento art\u00edstico Bauhaus de la primera mitad del siglo XX y enaltece valores como el humanismo, la sustentabilidad, la inclusi\u00f3n y la hospitalidad, para propiciar una interacci\u00f3n con las personas que asisten a la FIL.<\/p>\n\n\n\n<p>\u201cLa Uni\u00f3n Europea quiere retomar el esp\u00edritu humanista de este movimiento a trav\u00e9s de lo que llamamos la nueva Bauhaus Europea como medio para implicar al sector econ\u00f3mico, la sociedad civil y los ciudadanos a la hora de abordar los retos del cambio clim\u00e1tico\u201d, indic\u00f3.<br>El espacio de mil 130 metros cuadrados ser\u00e1 el epicentro de la presencia de la UE en la FIL y en donde ser\u00e1n desarrollados espacios de di\u00e1logo entre el p\u00fablico, actividades culturales y literarias, adem\u00e1s de ofrecer las novedades editoriales en una rotonda dise\u00f1ada para tal fin, indic\u00f3.<\/p>\n\n\n\n<p>La tecnolog\u00eda y la sustentabilidad ser\u00e1n los elementos fundamentales para reducir el impacto ambiental del pabell\u00f3n que cuenta con una isla de cactus impresas en 3D que absorben di\u00f3xido de carbono.<\/p>\n\n\n\n<p>\u201cEste pabell\u00f3n los invita a conocer mejor la cultura europea en su riqueza y diversidad. Acoger\u00e1 eventos literarios culturales y ling\u00fc\u00edsticos, ofrece una librer\u00eda europea y una biblioteca de medios digitales, una instalaci\u00f3n cultural interactiva, dos auditorios y espacios para reuniones de negocios\u201d, se\u00f1al\u00f3.<br>Decenas de j\u00f3venes de la regi\u00f3n actuar\u00e1n como mediadores culturales proporcionando informaci\u00f3n a las y los asistentes para facilitar una mejor comprensi\u00f3n de la Uni\u00f3n Europea, concluy\u00f3.<\/p>\n\n\n\n<p>La edici\u00f3n 37 de la FIL dio inicio este s\u00e1bado con la asistencia de 650 escritores de 45 pa\u00edses y un programa de actividades que incluye 630 presentaciones de libros de distintos g\u00e9neros y unas 3.000 encuentros literarios, culturales, gastron\u00f3micos y presentaciones musicales.<\/p>\n","protected":false},"excerpt":{"rendered":"<p>NOVIEMBRE 27, 2023 El pabell\u00f3n de la Uni\u00f3n Europea en la FIL Guadalajara 2023 est\u00e1&#8230;<\/p>\n","protected":false},"author":3,"featured_media":65520,"comment_status":"closed","ping_status":"closed","sticky":false,"template":"","format":"standard","meta":{"footnotes":""},"categories":[14],"tags":[],"class_list":["post-65519","post","type-post","status-publish","format-standard","has-post-thumbnail","hentry","category-cultura"],"_links":{"self":[{"href":"https:\/\/bambapolitica.com.mx\/index.php\/wp-json\/wp\/v2\/posts\/65519","targetHints":{"allow":["GET"]}}],"collection":[{"href":"https:\/\/bambapolitica.com.mx\/index.php\/wp-json\/wp\/v2\/posts"}],"about":[{"href":"https:\/\/bambapolitica.com.mx\/index.php\/wp-json\/wp\/v2\/types\/post"}],"author":[{"embeddable":true,"href":"https:\/\/bambapolitica.com.mx\/index.php\/wp-json\/wp\/v2\/users\/3"}],"replies":[{"embeddable":true,"href":"https:\/\/bambapolitica.com.mx\/index.php\/wp-json\/wp\/v2\/comments?post=65519"}],"version-history":[{"count":1,"href":"https:\/\/bambapolitica.com.mx\/index.php\/wp-json\/wp\/v2\/posts\/65519\/revisions"}],"predecessor-version":[{"id":65521,"href":"https:\/\/bambapolitica.com.mx\/index.php\/wp-json\/wp\/v2\/posts\/65519\/revisions\/65521"}],"wp:featuredmedia":[{"embeddable":true,"href":"https:\/\/bambapolitica.com.mx\/index.php\/wp-json\/wp\/v2\/media\/65520"}],"wp:attachment":[{"href":"https:\/\/bambapolitica.com.mx\/index.php\/wp-json\/wp\/v2\/media?parent=65519"}],"wp:term":[{"taxonomy":"category","embeddable":true,"href":"https:\/\/bambapolitica.com.mx\/index.php\/wp-json\/wp\/v2\/categories?post=65519"},{"taxonomy":"post_tag","embeddable":true,"href":"https:\/\/bambapolitica.com.mx\/index.php\/wp-json\/wp\/v2\/tags?post=65519"}],"curies":[{"name":"wp","href":"https:\/\/api.w.org\/{rel}","templated":true}]}}