{"id":65609,"date":"2023-11-29T11:38:30","date_gmt":"2023-11-29T17:38:30","guid":{"rendered":"http:\/\/bambapolitica.com.mx\/?p=65609"},"modified":"2023-11-29T11:38:32","modified_gmt":"2023-11-29T17:38:32","slug":"agresion-contra-el-periodista-maynor-ramon-segundo-atentado-al-que-sobrevive","status":"publish","type":"post","link":"https:\/\/bambapolitica.com.mx\/index.php\/2023\/11\/29\/agresion-contra-el-periodista-maynor-ramon-segundo-atentado-al-que-sobrevive\/","title":{"rendered":"Agresi\u00f3n contra el periodista Maynor Ram\u00f3n, segundo atentado al que sobrevive"},"content":{"rendered":"\n<p>29 noviembre 2023<\/p>\n\n\n\n<p>El periodista Maynor Ram\u00f3n suma dos atentados en lo que va de su carrera profesional, el primero en 2016<br>La agresi\u00f3n armada que sufri\u00f3 el periodista Maynor Ram\u00f3n Ram\u00edrez en Apatzing\u00e1n es el segundo atentado al que sobrevive.<br>El reportero del medio ABC de Michoac\u00e1n fue atacado a disparos cuando se encontraba en compa\u00f1\u00eda de otro hombre en la colonia L\u00e1zaro C\u00e1rdenas.<\/p>\n\n\n\n<p>El comunicador, de 40 a\u00f1os, y Juan Manuel M., de 38 a\u00f1os, recibieron heridas de consideraci\u00f3n y fueron trasladados a un hospital.<\/p>\n\n\n\n<p>ABC de Michoac\u00e1n condena este hecho que vulnera evidentemente la estabilidad de seguridad en nuestra entidad, particularmente en la regi\u00f3n de tierra caliente; rechaza cualquier acto intimidatorio, de violencia y amenaza, para tratar de obstaculizar el desempe\u00f1o de la cobertura informativa, de la libertad de expresi\u00f3n y el derecho social a ser informado\u201c, manifest\u00f3 el medio y pidi\u00f3 a la Fiscal\u00eda estatal que investigue el caso y haga cumplir la ley.<\/p>\n\n\n\n<p>En octubre de 2016 el periodista Maynor Ram\u00f3n fue v\u00edctima de un atentado en el que result\u00f3 con un disparo en el est\u00f3mago.<\/p>\n\n\n\n<p>En aquella ocasi\u00f3n se traslad\u00f3 por sus propios medios hasta un hospital local, de donde lo llevaron a Morelia.<\/p>\n","protected":false},"excerpt":{"rendered":"<p>29 noviembre 2023 El periodista Maynor Ram\u00f3n suma dos atentados en lo que va de&#8230;<\/p>\n","protected":false},"author":3,"featured_media":65610,"comment_status":"closed","ping_status":"closed","sticky":false,"template":"","format":"standard","meta":{"footnotes":""},"categories":[2],"tags":[],"class_list":["post-65609","post","type-post","status-publish","format-standard","has-post-thumbnail","hentry","category-policiaca"],"_links":{"self":[{"href":"https:\/\/bambapolitica.com.mx\/index.php\/wp-json\/wp\/v2\/posts\/65609","targetHints":{"allow":["GET"]}}],"collection":[{"href":"https:\/\/bambapolitica.com.mx\/index.php\/wp-json\/wp\/v2\/posts"}],"about":[{"href":"https:\/\/bambapolitica.com.mx\/index.php\/wp-json\/wp\/v2\/types\/post"}],"author":[{"embeddable":true,"href":"https:\/\/bambapolitica.com.mx\/index.php\/wp-json\/wp\/v2\/users\/3"}],"replies":[{"embeddable":true,"href":"https:\/\/bambapolitica.com.mx\/index.php\/wp-json\/wp\/v2\/comments?post=65609"}],"version-history":[{"count":1,"href":"https:\/\/bambapolitica.com.mx\/index.php\/wp-json\/wp\/v2\/posts\/65609\/revisions"}],"predecessor-version":[{"id":65611,"href":"https:\/\/bambapolitica.com.mx\/index.php\/wp-json\/wp\/v2\/posts\/65609\/revisions\/65611"}],"wp:featuredmedia":[{"embeddable":true,"href":"https:\/\/bambapolitica.com.mx\/index.php\/wp-json\/wp\/v2\/media\/65610"}],"wp:attachment":[{"href":"https:\/\/bambapolitica.com.mx\/index.php\/wp-json\/wp\/v2\/media?parent=65609"}],"wp:term":[{"taxonomy":"category","embeddable":true,"href":"https:\/\/bambapolitica.com.mx\/index.php\/wp-json\/wp\/v2\/categories?post=65609"},{"taxonomy":"post_tag","embeddable":true,"href":"https:\/\/bambapolitica.com.mx\/index.php\/wp-json\/wp\/v2\/tags?post=65609"}],"curies":[{"name":"wp","href":"https:\/\/api.w.org\/{rel}","templated":true}]}}