{"id":66895,"date":"2024-01-03T09:34:37","date_gmt":"2024-01-03T15:34:37","guid":{"rendered":"https:\/\/bambapolitica.com.mx\/?p=66895"},"modified":"2024-01-03T09:34:44","modified_gmt":"2024-01-03T15:34:44","slug":"ong-alertan-del-reclutamiento-forzado-de-jovenes-por-el-crimen-organizado-en-mexico","status":"publish","type":"post","link":"https:\/\/bambapolitica.com.mx\/index.php\/2024\/01\/03\/ong-alertan-del-reclutamiento-forzado-de-jovenes-por-el-crimen-organizado-en-mexico\/","title":{"rendered":"ONG alertan del reclutamiento forzado de j\u00f3venes por el crimen organizado en M\u00e9xico"},"content":{"rendered":"\n<p>03 de Enero del 2024<\/p>\n\n\n\n<p>La asociaci\u00f3n \u00c1gape Misi\u00f3n Mundial informa que hay j\u00f3venes que llegan a Tijuana para buscar asilo y protecci\u00f3n en EE.UU. tras huir de grupos criminales<\/p>\n\n\n\n<p>Organizaciones civiles de la frontera norte de M\u00e9xico alertan de un incremento de j\u00f3venes reclutados de manera forzosa por el crimen organizado, como muestran los casos de quienes llegan a solicitar ayuda tras escapar de los delincuentes.<\/p>\n\n\n\n<p>Albert Rivera Col\u00f3n, director de la asociaci\u00f3n \u00c1gape Misi\u00f3n Mundial, cont\u00f3 a EFE que han encontrado a j\u00f3venes que arribaron a la fronteriza ciudad de Tijuana para buscar asilo y protecci\u00f3n en Estados Unidos tras huir de grupos criminales.<\/p>\n\n\n\n<p>Pero el activista advirti\u00f3 que los j\u00f3venes y sus familias no hablan de ello por temor, lo que dificulta conocer una estad\u00edstica y lo hace ser \u201cun fen\u00f3meno silencioso que est\u00e1 pasando por aqu\u00ed y del que todo el mundo tiene miedo de hablar e investigar\u201d.<br>\u201cAlgunos padres tienen miedo de reportar teniendo conocimiento de que sus hijos est\u00e1n en cautiverio, adem\u00e1s que no existen las garant\u00edas para ellos y, obviamente, temen que algo les pase a sus hijos. Es muy lamentable porque esto va en aumento, se debe hacer algo para prevenir y evitar que esto siga sucediendo\u201d, manifest\u00f3.<\/p>\n\n\n\n<p>La organizaci\u00f3n civil Reinserta estim\u00f3 el a\u00f1o pasado que el crimen organizado ha reclutado a, por lo menos, 30 mil menores de edad a nivel nacional.<\/p>\n\n\n\n<p>Siete a\u00f1os obligado a trabajar para el crimen<br>Un joven, que se identific\u00f3 como \u2018Jorge\u2019 por seguridad, relat\u00f3 a EFE que, tras terminar la escuela secundaria, con 15 a\u00f1os de edad, un grupo armado lo captur\u00f3 cuando volv\u00eda a su casa de una fiesta en Michoac\u00e1n.<\/p>\n\n\n\n<p>Lo llevaron a un lugar en el que le dijeron que, a partir de ese momento, trabajar\u00eda para ellos o, de lo contrario, lo matar\u00edan a \u00e9l y a toda su familia.<\/p>\n\n\n\n<p>\u00c9l ten\u00eda planes de continuar el bachillerato y estudiar Criminolog\u00eda en la universidad, pero ese d\u00eda su vida cambi\u00f3 y no tuvo otra opci\u00f3n m\u00e1s que aceptar.<\/p>\n\n\n\n<p>\u201cMe levantaron hombres encapuchados y armados. Me amenazaron tanto f\u00edsicamente como verbalmente, y me dijeron que si yo no trabajaba para ellos iban a matarme a m\u00ed y a toda mi familia\u201d, cont\u00f3.<\/p>\n\n\n\n<p>Durante varios meses su madre no supo de \u00e9l, hasta que le permitieron comunicarse con ella solo para decirle que \u201cestaba bien\u201d, pero que no fuera a hacer nada y se mantuviera callada.<\/p>\n\n\n\n<p>Jorge pas\u00f3 as\u00ed m\u00e1s de siete a\u00f1os.<\/p>\n\n\n\n<p>\u201cMe ped\u00edan de todo, desde ser halc\u00f3n (vigilante), distribuidor de droga y, en ocasiones, igual tambi\u00e9n me tocaba a m\u00ed levantar (secuestrar) a gente. Yo ten\u00eda un poco de conocimiento de lo que pasaba en el pueblo y los alrededores con los j\u00f3venes, pero yo nunca me imagin\u00e9 que me tocara a m\u00ed\u201d, expuso.<\/p>\n\n\n\n<p>Para Jorge, este periodo \u201cfue todo un tormento\u201d, pues \u201cmucho tiempo fue estar con un nerviosismo y una mente en blanco porque solo era acatar \u00f3rdenes de lo que fuera y todas eran muy puntuales, siempre al mando del jefe de plaza\u201d.<\/p>\n\n\n\n<p>Pero durante su cautiverio, dice que nunca perdi\u00f3 la esperanza de escapar y, una vez, en un enfrentamiento en el que asesinaron a su jefe de plaza, huy\u00f3 y sali\u00f3 del pueblo junto con su familia.<\/p>\n\n\n\n<p>\u201cEn ese transcurso sufr\u00ed un accidente de moto y qued\u00e9 inmovilizado por casi un a\u00f1o, de esa manera quitaron su atenci\u00f3n en m\u00ed y as\u00ed pude salir, a escondidas despu\u00e9s con mi familia\u201d, detall\u00f3.<\/p>\n\n\n\n<p>Una de las cosas de las que el joven se percat\u00f3 sobre el reclutamiento es que \u201chay temporadas en las cuales ellos saben que hay una cierta edad de los j\u00f3venes en la cual se convierten en objetivo f\u00e1cil\u201d.<\/p>\n\n\n\n<p>Los criminales identifican \u201cque no est\u00e1n bien con sus familias o que tienen muchos problemas y se la pasan solos, son a los que f\u00e1cilmente suelen reclutar\u201d.<\/p>\n\n\n\n<p>\u201cComo me pas\u00f3 a m\u00ed, le puede pasar a otros y esto realmente jode la vida de las personas. A m\u00ed lo \u00fanico que me gustar\u00eda ahora es empezar de cero, que nos den el asilo (en Estados Unidos) y tener una nueva vida con mi familia y, si se me da la oportunidad, retomar mis estudios\u201d, dijo.<\/p>\n\n\n\n<p>Una situaci\u00f3n dolorosa para las madres<br>La madre de Jorge comparti\u00f3 a EFE que \u201ces una situaci\u00f3n muy desesperante, muy dolorosa por no saber de tu hijo y estar con la angustia d\u00eda a d\u00eda\u201d.<\/p>\n\n\n\n<p>\u201cPas\u00f3 tiempo para saber de \u00e9l, yo pens\u00e9 que ya me lo hab\u00edan matado, pero le doy gracias a Dios que est\u00e1 aqu\u00ed conmigo y que aunque fue muy dif\u00edcil y en contra de la voluntad de \u00e9l, quiero que salga adelante con nosotros y con su familia\u201d, mencion\u00f3 la mujer, quien prefiri\u00f3 mantener el anonimato.<\/p>\n\n\n\n<p>Para Rivera Col\u00f3n, estos son casos que deben ser de prioridad y que las autoridades de asilo de Estados Unidos deber\u00edan considerar de forma expr\u00e9s, especialmente porque son menores de edad.<\/p>\n\n\n\n<p>\u201cSon casos eminentes que, si se siguen quedando en esta naci\u00f3n, tarde o temprano los pueden encontrar y pueden perder sus vidas, adem\u00e1s que no pueden denunciar porque son situaciones de alto riesgo y est\u00e1n en peligro\u201d, puntualiz\u00f3.<\/p>\n","protected":false},"excerpt":{"rendered":"<p>03 de Enero del 2024 La asociaci\u00f3n \u00c1gape Misi\u00f3n Mundial informa que hay j\u00f3venes que&#8230;<\/p>\n","protected":false},"author":3,"featured_media":66896,"comment_status":"closed","ping_status":"closed","sticky":false,"template":"","format":"standard","meta":{"footnotes":""},"categories":[4],"tags":[],"class_list":["post-66895","post","type-post","status-publish","format-standard","has-post-thumbnail","hentry","category-noticias-del-dia"],"_links":{"self":[{"href":"https:\/\/bambapolitica.com.mx\/index.php\/wp-json\/wp\/v2\/posts\/66895","targetHints":{"allow":["GET"]}}],"collection":[{"href":"https:\/\/bambapolitica.com.mx\/index.php\/wp-json\/wp\/v2\/posts"}],"about":[{"href":"https:\/\/bambapolitica.com.mx\/index.php\/wp-json\/wp\/v2\/types\/post"}],"author":[{"embeddable":true,"href":"https:\/\/bambapolitica.com.mx\/index.php\/wp-json\/wp\/v2\/users\/3"}],"replies":[{"embeddable":true,"href":"https:\/\/bambapolitica.com.mx\/index.php\/wp-json\/wp\/v2\/comments?post=66895"}],"version-history":[{"count":1,"href":"https:\/\/bambapolitica.com.mx\/index.php\/wp-json\/wp\/v2\/posts\/66895\/revisions"}],"predecessor-version":[{"id":66897,"href":"https:\/\/bambapolitica.com.mx\/index.php\/wp-json\/wp\/v2\/posts\/66895\/revisions\/66897"}],"wp:featuredmedia":[{"embeddable":true,"href":"https:\/\/bambapolitica.com.mx\/index.php\/wp-json\/wp\/v2\/media\/66896"}],"wp:attachment":[{"href":"https:\/\/bambapolitica.com.mx\/index.php\/wp-json\/wp\/v2\/media?parent=66895"}],"wp:term":[{"taxonomy":"category","embeddable":true,"href":"https:\/\/bambapolitica.com.mx\/index.php\/wp-json\/wp\/v2\/categories?post=66895"},{"taxonomy":"post_tag","embeddable":true,"href":"https:\/\/bambapolitica.com.mx\/index.php\/wp-json\/wp\/v2\/tags?post=66895"}],"curies":[{"name":"wp","href":"https:\/\/api.w.org\/{rel}","templated":true}]}}