{"id":66935,"date":"2024-01-04T19:11:25","date_gmt":"2024-01-05T01:11:25","guid":{"rendered":"https:\/\/bambapolitica.com.mx\/?p=66935"},"modified":"2024-01-04T19:11:33","modified_gmt":"2024-01-05T01:11:33","slug":"ezln-tomo-decision-de-no-apoyar-la-transformacion-inclusive-nos-cuestionaron-amlo","status":"publish","type":"post","link":"https:\/\/bambapolitica.com.mx\/index.php\/2024\/01\/04\/ezln-tomo-decision-de-no-apoyar-la-transformacion-inclusive-nos-cuestionaron-amlo\/","title":{"rendered":"EZLN tom\u00f3 decisi\u00f3n de no apoyar la transformaci\u00f3n, inclusive nos cuestionaron: AMLO"},"content":{"rendered":"\n<p>4 de Enero del 2024<\/p>\n\n\n\n<p>L\u00f3pez Obrador no quiso hacer una cr\u00edtica al movimiento del EZLN, que el pasado 1 de enero cumpli\u00f3 30 a\u00f1os de su levantamiento en Chiapas<\/p>\n\n\n\n<p>Andr\u00e9s Manuel L\u00f3pez Obrador, presidente de M\u00e9xico, se\u00f1al\u00f3 al Ej\u00e9rcito Zapatista de Liberaci\u00f3n Nacional (EZLN) por no apoyar la \u201ctransformaci\u00f3n\u201d del pa\u00eds y de cuestionar a su Gobierno.<\/p>\n\n\n\n<p>En la conferencia matutina de Palacio Nacional, L\u00f3pez Obrador no quiso hacer una cr\u00edtica al movimiento del EZLN, que el pasado 1 de enero cumpli\u00f3 30 a\u00f1os de su levantamiento armado en Chiapas, sin embargo detall\u00f3 que deben hacer una autocr\u00edtica\u201d de las razones por las cuales han perdido el apoyo del pueblo.<\/p>\n\n\n\n<p>No quiero opinar sobre eso, ellos deben hacer una reflexi\u00f3n profunda, una autocr\u00edtica sobre lo que hicieron en 30 a\u00f1os, nada m\u00e1s que no nos echen la culpa a nosotros o que asuman ellos tambi\u00e9n su responsabilidad\u201d, dijo.<\/p>\n\n\n\n<p>\u201cQue no caigan en la autocomplacencia, que hagan una autocr\u00edtica, yo no me voy a meter en eso, pero ellos deben de preguntarse por qu\u00e9 la p\u00e9rdida del apoyo de los que antes simpatizaban con el movimiento, a qu\u00e9 se debi\u00f3\u201d, puntualiz\u00f3.<\/p>\n\n\n\n<p>El mandatario mexicano dej\u00f3 en claro que su Gobierno no hostiga a nadie, menos a zapatistas: \u201cnosotros no reprimimos, no censuramos, para nada, ni cuestionamos. No nos metemos con el movimiento zapatista ni con otros movimientos\u201d.<\/p>\n\n\n\n<p>Ya lo plante\u00e9, ellos tomaron una decisi\u00f3n de no apoyar la transformaci\u00f3n, inclusive de cuestionarnos y est\u00e1 bien, est\u00e1 bien, y vivimos en un pa\u00eds libre y democr\u00e1tico\u201d, indic\u00f3.<\/p>\n\n\n\n<p>El Ej\u00e9rcito Zapatista de Liberaci\u00f3n Nacional (EZLN) celebr\u00f3 el pasado 1 de enero 30 a\u00f1os de su levantamiento contra el Gobierno mexicano y el neoliberalismo, con una fiesta para reivindicar los derechos de los pueblos originarios, que afrontan una nueva ola de violencia del crimen organizado<\/p>\n\n\n\n<p>\u201cNo hay m\u00e1s que dos cosas: que la propiedad debe de ser del pueblo y com\u00fan; y que el pueblo tiene que gobernarse en s\u00ed mismo\u201d dijo Mois\u00e9s, vocero del EZLN durante un discurso en la celebraci\u00f3n de las tres d\u00e9cadas del levantamiento armado.<\/p>\n\n\n\n<p>Agreg\u00f3 que no necesitaban de \u201cesos\u201d que est\u00e1n en el poder pues critic\u00f3 que ellos creen que saben todo, \u201cdeciden por los maestros, doctores, deciden por todos los sectores de trabajadores, es por eso que decimos: \u00a1no, el pueblo tiene que saber gobernarse! Eso lo demostramos hace 30 a\u00f1os\u201d.<\/p>\n\n\n\n<p>Cientos de simpatizantes del movimiento, procedentes de M\u00e9xico y otros pa\u00edses, se concentraron en la selva lacandona en el caracol Dolores Hidalgo, Ocosingo, municipio de Chiapas, donde se gest\u00f3 el movimiento zapatista en 1994.<\/p>\n\n\n\n<p>A esta celebraci\u00f3n acudieron intelectuales, escritores, artistas, as\u00ed como los miembros del colectivo de gobiernos aut\u00f3nomos Zapatista (C.G. A.Z) entre ellos el subcomandante Marcos, quien hoy se presenta como Capit\u00e1n y el Consejo Nacional Ind\u00edgena.<\/p>\n\n\n\n<p><\/p>\n","protected":false},"excerpt":{"rendered":"<p>4 de Enero del 2024 L\u00f3pez Obrador no quiso hacer una cr\u00edtica al movimiento del&#8230;<\/p>\n","protected":false},"author":3,"featured_media":66936,"comment_status":"closed","ping_status":"closed","sticky":false,"template":"","format":"standard","meta":{"footnotes":""},"categories":[4],"tags":[],"class_list":["post-66935","post","type-post","status-publish","format-standard","has-post-thumbnail","hentry","category-noticias-del-dia"],"_links":{"self":[{"href":"https:\/\/bambapolitica.com.mx\/index.php\/wp-json\/wp\/v2\/posts\/66935","targetHints":{"allow":["GET"]}}],"collection":[{"href":"https:\/\/bambapolitica.com.mx\/index.php\/wp-json\/wp\/v2\/posts"}],"about":[{"href":"https:\/\/bambapolitica.com.mx\/index.php\/wp-json\/wp\/v2\/types\/post"}],"author":[{"embeddable":true,"href":"https:\/\/bambapolitica.com.mx\/index.php\/wp-json\/wp\/v2\/users\/3"}],"replies":[{"embeddable":true,"href":"https:\/\/bambapolitica.com.mx\/index.php\/wp-json\/wp\/v2\/comments?post=66935"}],"version-history":[{"count":1,"href":"https:\/\/bambapolitica.com.mx\/index.php\/wp-json\/wp\/v2\/posts\/66935\/revisions"}],"predecessor-version":[{"id":66937,"href":"https:\/\/bambapolitica.com.mx\/index.php\/wp-json\/wp\/v2\/posts\/66935\/revisions\/66937"}],"wp:featuredmedia":[{"embeddable":true,"href":"https:\/\/bambapolitica.com.mx\/index.php\/wp-json\/wp\/v2\/media\/66936"}],"wp:attachment":[{"href":"https:\/\/bambapolitica.com.mx\/index.php\/wp-json\/wp\/v2\/media?parent=66935"}],"wp:term":[{"taxonomy":"category","embeddable":true,"href":"https:\/\/bambapolitica.com.mx\/index.php\/wp-json\/wp\/v2\/categories?post=66935"},{"taxonomy":"post_tag","embeddable":true,"href":"https:\/\/bambapolitica.com.mx\/index.php\/wp-json\/wp\/v2\/tags?post=66935"}],"curies":[{"name":"wp","href":"https:\/\/api.w.org\/{rel}","templated":true}]}}