{"id":66938,"date":"2024-01-04T19:17:01","date_gmt":"2024-01-05T01:17:01","guid":{"rendered":"https:\/\/bambapolitica.com.mx\/?p=66938"},"modified":"2024-01-04T19:17:13","modified_gmt":"2024-01-05T01:17:13","slug":"santiago-nieto-solicita-licencia-para-iniciar-precampana-al-senado","status":"publish","type":"post","link":"https:\/\/bambapolitica.com.mx\/index.php\/2024\/01\/04\/santiago-nieto-solicita-licencia-para-iniciar-precampana-al-senado\/","title":{"rendered":"Santiago Nieto solicita licencia para iniciar precampa\u00f1a al Senado"},"content":{"rendered":"\n<p>4 de Enero del 2024<\/p>\n\n\n\n<p>Santiago Nieto detall\u00f3 que solicit\u00f3 licencia a su cargo para iniciar precampa\u00f1a al Senado por Morena en Quer\u00e9taroSantiago Nieto, procurador de Justicia de Hidalgo, solicit\u00f3 licencia a su cargo con el objetivo de iniciar este jueves precampa\u00f1a al Senado de la Rep\u00fablica en Quer\u00e9taro.He solicitado licencia en mi cargo como procurador general de Justicia en el estado de Hidalgo\u201d, dijoHe platicado con el gobernador Julio Menchaca Salazar la posibilidad y la decisi\u00f3n de la coalici\u00f3n Sigamos Haciendo Historia, particularmente del partido Morena, de la postulaci\u00f3n como precandidato \u00fanico al Senado de la Rep\u00fablica en formula con nuestra compa\u00f1era Beatriz Robles\u201d, puntualiz\u00f3 en conferencia de prensa.El extitular de la Unidad de Inteligencia Financiera (UIF) explic\u00f3 que desde este jueves 5 de enero hasta el pr\u00f3ximo d\u00eda 18, llevar\u00e1 a cabo junto a su compa\u00f1era de f\u00f3rmula actividades dirigidas a simpatizantes y militantes del partido guinda.Nieto Castillo expuso que Beatriz Robles sigue en el proceso de entrega recepci\u00f3n de la representaci\u00f3n de la Secretar\u00eda de Educaci\u00f3n P\u00fablica en Quer\u00e9taro (SEP) pero que asistir\u00e1 a los eventos de precampa\u00f1a fuera del horario laboral.\u201cEstamos buscando el respaldo de todos los simpatizantes y militantes de Morena, PT y PVEM para la postulaci\u00f3n. Nosotros tenemos un mensaje muy claro y ese mensaje es que vamos a sacar al PAN de la casa de la Corregidora\u201d, expuso.<\/p>\n","protected":false},"excerpt":{"rendered":"<p>4 de Enero del 2024 Santiago Nieto detall\u00f3 que solicit\u00f3 licencia a su cargo para&#8230;<\/p>\n","protected":false},"author":3,"featured_media":66939,"comment_status":"closed","ping_status":"closed","sticky":false,"template":"","format":"standard","meta":{"footnotes":""},"categories":[4],"tags":[],"class_list":["post-66938","post","type-post","status-publish","format-standard","has-post-thumbnail","hentry","category-noticias-del-dia"],"_links":{"self":[{"href":"https:\/\/bambapolitica.com.mx\/index.php\/wp-json\/wp\/v2\/posts\/66938","targetHints":{"allow":["GET"]}}],"collection":[{"href":"https:\/\/bambapolitica.com.mx\/index.php\/wp-json\/wp\/v2\/posts"}],"about":[{"href":"https:\/\/bambapolitica.com.mx\/index.php\/wp-json\/wp\/v2\/types\/post"}],"author":[{"embeddable":true,"href":"https:\/\/bambapolitica.com.mx\/index.php\/wp-json\/wp\/v2\/users\/3"}],"replies":[{"embeddable":true,"href":"https:\/\/bambapolitica.com.mx\/index.php\/wp-json\/wp\/v2\/comments?post=66938"}],"version-history":[{"count":1,"href":"https:\/\/bambapolitica.com.mx\/index.php\/wp-json\/wp\/v2\/posts\/66938\/revisions"}],"predecessor-version":[{"id":66940,"href":"https:\/\/bambapolitica.com.mx\/index.php\/wp-json\/wp\/v2\/posts\/66938\/revisions\/66940"}],"wp:featuredmedia":[{"embeddable":true,"href":"https:\/\/bambapolitica.com.mx\/index.php\/wp-json\/wp\/v2\/media\/66939"}],"wp:attachment":[{"href":"https:\/\/bambapolitica.com.mx\/index.php\/wp-json\/wp\/v2\/media?parent=66938"}],"wp:term":[{"taxonomy":"category","embeddable":true,"href":"https:\/\/bambapolitica.com.mx\/index.php\/wp-json\/wp\/v2\/categories?post=66938"},{"taxonomy":"post_tag","embeddable":true,"href":"https:\/\/bambapolitica.com.mx\/index.php\/wp-json\/wp\/v2\/tags?post=66938"}],"curies":[{"name":"wp","href":"https:\/\/api.w.org\/{rel}","templated":true}]}}