{"id":67053,"date":"2024-01-09T10:01:14","date_gmt":"2024-01-09T16:01:14","guid":{"rendered":"https:\/\/bambapolitica.com.mx\/?p=67053"},"modified":"2024-01-09T10:01:19","modified_gmt":"2024-01-09T16:01:19","slug":"edomex-dejara-de-entregar-programas-sociales-por-elecciones-2024-te-contamos","status":"publish","type":"post","link":"https:\/\/bambapolitica.com.mx\/index.php\/2024\/01\/09\/edomex-dejara-de-entregar-programas-sociales-por-elecciones-2024-te-contamos\/","title":{"rendered":"\u00bfEdomex dejar\u00e1 de entregar programas sociales por elecciones 2024? Te contamos"},"content":{"rendered":"\n<p>09 de Enero del 2024<\/p>\n\n\n\n<p>De acuerdo con la legislaci\u00f3n vigente, la legislatura estatal establecer\u00e1 los periodos en los que el gobierno estatal dejar\u00e1 de entregar programas sociales.<\/p>\n\n\n\n<p>Con los procesos electorales federal y estatal no s\u00f3lo dejar\u00e1n de operar los programas sociales en el Estado de M\u00e9xico, los gobiernos tambi\u00e9n deber\u00e1n suspender la propaganda gubernamental para no influir en la decisi\u00f3n que puedan tomar 12.9 millones de electores que podr\u00e1n acudir a votar para renovar la presidencia de M\u00e9xico, el Congreso de la Uni\u00f3n, la Legislatura mexiquense y los 125 ayuntamientos.<\/p>\n\n\n\n<p>Por eso deber\u00e1s estar atento a las fechas que se indiquen pr\u00f3ximamente para las entregas adelantadas tanto de programas federales como estatales o municipales, la lista de los que quedan exentos de esta medida porque tan pronto arranquen las campa\u00f1as habr\u00e1 medidas restrictivas.<\/p>\n\n\n\n<p>\u00bfHasta cuando habr\u00e1 programas sociales?<\/p>\n\n\n\n<p>La legislaci\u00f3n electoral vigente en el Estado de M\u00e9xico establece que la Legislatura es quien determinar\u00e1 los programas sociales que, por su naturaleza, objeto o fin, por ning\u00fan motivo deber\u00e1n suspenderse durante los procesos electorales y promover\u00e1 las medidas necesarias para su cumplimiento, en los tres \u00e1mbitos de gobierno, con el fin de generar condiciones de equidad en el proceso electoral.<\/p>\n\n\n\n<p>Esto se har\u00e1 en sesi\u00f3n del pleno, antes del 25 de abril, pues el C\u00f3digo Electoral establece que durante los 38 d\u00edas anteriores al de la jornada electoral, las autoridades estatales y municipales, as\u00ed como las y los legisladores locales se abstendr\u00e1n de establecer y operar programas de apoyo social o comunitario que impliquen la entrega a la poblaci\u00f3n de materiales, alimentos o cualquier elemento que forme parte de sus programas asistenciales o de promoci\u00f3n y desarrollo social.<\/p>\n\n\n\n<p>De esta medida se excluyen los casos de extrema urgencia, debido a enfermedades, desastres naturales, siniestros u otros eventos de igual naturaleza que se deban atender de inmediato y otorgar a la poblaci\u00f3n diversos apoyos para superar el problema, con la salvedad que no se podr\u00e1 condicionar la entrega ni pedir el voto.<br>Esto implica que a partir del 25 de abril no podr\u00e1n operar los programas sociales de car\u00e1cter estatal, ni municipales en la entidad, por lo que se podr\u00edan adelantar varios apoyos, como lo har\u00e1 el gobierno federal durante los dos primeros meses del a\u00f1o, porque las campa\u00f1as federales arrancan el primer d\u00eda de marzo.<\/p>\n\n\n\n<p>\u00bfQu\u00e9 dice la legislaci\u00f3n?<br>El C\u00f3digo Electoral vigente en la entidad establece que \u201cdurante el tiempo comprendido entre el inicio de las campa\u00f1as electorales de los procesos electorales federales, locales y extraordinarios y hasta la conclusi\u00f3n de la jornada comicial, deber\u00e1 suspenderse la difusi\u00f3n en los medios de comunicaci\u00f3n social de toda propaganda gubernamental, tanto de los poderes federales y estatales como de los municipios y de cualquier otro ente p\u00fablico\u201d.<\/p>\n\n\n\n<p>Como las campa\u00f1as federales arrancar\u00e1n el primero de marzo y las locales el 26 de abril, el \u00faltimo d\u00eda para la difusi\u00f3n gubernamental es el 29 de febrero, es decir que s\u00f3lo quedan siete semanas para que los gobiernos den a conocer sus acciones, sin transgredir la ley.<\/p>\n\n\n\n<p>Como las campa\u00f1as federales arrancar\u00e1n el primero de marzo y las locales el 26 de abril, el \u00faltimo d\u00eda para la difusi\u00f3n gubernamental es el 29 de febrero, es decir que s\u00f3lo quedan siete semanas para que los gobiernos den a conocer sus acciones, sin transgredir la ley.<\/p>\n\n\n\n<p>Las \u00fanicas campa\u00f1as de informaci\u00f3n que quedan a salvo de esta medida son las de las autoridades electorales, los servicios educativos y de salud o las necesarias para la gente electoral o un proceso gubernamental de cualquier orden de gobierno, pueden someter a consideraci\u00f3n del Consejo General solicitudes de excepci\u00f3n a la prohibici\u00f3n de difundir propaganda gubernamental, las cuales debieron presentarse con al menos 60 d\u00edas naturales de anticipaci\u00f3n al inicio de las campa\u00f1as.<\/p>\n","protected":false},"excerpt":{"rendered":"<p>09 de Enero del 2024 De acuerdo con la legislaci\u00f3n vigente, la legislatura estatal establecer\u00e1&#8230;<\/p>\n","protected":false},"author":3,"featured_media":67054,"comment_status":"closed","ping_status":"closed","sticky":false,"template":"","format":"standard","meta":{"footnotes":""},"categories":[4],"tags":[],"class_list":["post-67053","post","type-post","status-publish","format-standard","has-post-thumbnail","hentry","category-noticias-del-dia"],"_links":{"self":[{"href":"https:\/\/bambapolitica.com.mx\/index.php\/wp-json\/wp\/v2\/posts\/67053","targetHints":{"allow":["GET"]}}],"collection":[{"href":"https:\/\/bambapolitica.com.mx\/index.php\/wp-json\/wp\/v2\/posts"}],"about":[{"href":"https:\/\/bambapolitica.com.mx\/index.php\/wp-json\/wp\/v2\/types\/post"}],"author":[{"embeddable":true,"href":"https:\/\/bambapolitica.com.mx\/index.php\/wp-json\/wp\/v2\/users\/3"}],"replies":[{"embeddable":true,"href":"https:\/\/bambapolitica.com.mx\/index.php\/wp-json\/wp\/v2\/comments?post=67053"}],"version-history":[{"count":1,"href":"https:\/\/bambapolitica.com.mx\/index.php\/wp-json\/wp\/v2\/posts\/67053\/revisions"}],"predecessor-version":[{"id":67055,"href":"https:\/\/bambapolitica.com.mx\/index.php\/wp-json\/wp\/v2\/posts\/67053\/revisions\/67055"}],"wp:featuredmedia":[{"embeddable":true,"href":"https:\/\/bambapolitica.com.mx\/index.php\/wp-json\/wp\/v2\/media\/67054"}],"wp:attachment":[{"href":"https:\/\/bambapolitica.com.mx\/index.php\/wp-json\/wp\/v2\/media?parent=67053"}],"wp:term":[{"taxonomy":"category","embeddable":true,"href":"https:\/\/bambapolitica.com.mx\/index.php\/wp-json\/wp\/v2\/categories?post=67053"},{"taxonomy":"post_tag","embeddable":true,"href":"https:\/\/bambapolitica.com.mx\/index.php\/wp-json\/wp\/v2\/tags?post=67053"}],"curies":[{"name":"wp","href":"https:\/\/api.w.org\/{rel}","templated":true}]}}