{"id":67056,"date":"2024-01-09T10:03:40","date_gmt":"2024-01-09T16:03:40","guid":{"rendered":"https:\/\/bambapolitica.com.mx\/?p=67056"},"modified":"2024-01-09T10:03:43","modified_gmt":"2024-01-09T16:03:43","slug":"aventaja-en-las-preferencias-de-los-votantes-jorge-colin-ocampo-en-almoloya-de-juarez","status":"publish","type":"post","link":"https:\/\/bambapolitica.com.mx\/index.php\/2024\/01\/09\/aventaja-en-las-preferencias-de-los-votantes-jorge-colin-ocampo-en-almoloya-de-juarez\/","title":{"rendered":"Aventaja en las preferencias de los votantes, Jorge Col\u00edn Ocampo, en Almoloya de Ju\u00e1rez."},"content":{"rendered":"\n<p>09 de Enero del 2024<\/p>\n\n\n\n<p>A unos d\u00edas de que se defina qui\u00e9n ser\u00e1 el Coordinador por la Defensa de la 4a Transformaci\u00f3n en el municipio de Almoloya de Ju\u00e1rez, Jorge Col\u00edn Ocampo, aventaja en las preferencias de los militantes y simpatizantes de MORENA.<\/p>\n\n\n\n<p>El l\u00edder social es plenamente reconocido por su trabajo y gesti\u00f3n en favor de la comunidad ind\u00edgena, la ni\u00f1ez y grupos vulnerables, lo que le ha valido la confianza de los pobladores de Almoloya.<\/p>\n\n\n\n<p>Bajo los ejes rectores de la 4a. Transformaci\u00f3n, No mentir, No robar, No traicionar, es que Jorge Col\u00edn se ha conducido, por lo que est\u00e1 convencido que acabar con la corrupci\u00f3n, es el camino para lograr el cambio en la administraci\u00f3n de gobierno, que hasta hoy s\u00f3lo se han servido del pueblo.<\/p>\n\n\n\n<p>&#8220;Tal y c\u00f3mo nos lo ha demostrado nuestro Presidente Andr\u00e9s Manuel L\u00f3pez Obrador, nos habremos de conducir y el pueblo es quien va a mandar en Almoloya de Ju\u00e1rez, No mentir, No robar, No traicionar, ser\u00e1n los ejes rectores en la pr\u00f3xima administraci\u00f3n, si la poblaci\u00f3n me concede el honor de administrar el ayuntamiento&#8221;, puntualiz\u00f3 Jorge Col\u00edn.<\/p>\n\n\n\n<p>Seg\u00fan las \u00faltimas encuestas realizadas, Jorge Col\u00edn Ocampo, aventaja por casi 10 puntos a sus m\u00e1s cercanos competidores, lo que lo perfila a ser designado como Candidato por parte de MORENA, a la alcald\u00eda de Almoloya de Ju\u00e1rez.<\/p>\n","protected":false},"excerpt":{"rendered":"<p>09 de Enero del 2024 A unos d\u00edas de que se defina qui\u00e9n ser\u00e1 el&#8230;<\/p>\n","protected":false},"author":3,"featured_media":67057,"comment_status":"closed","ping_status":"closed","sticky":false,"template":"","format":"standard","meta":{"footnotes":""},"categories":[4],"tags":[],"class_list":["post-67056","post","type-post","status-publish","format-standard","has-post-thumbnail","hentry","category-noticias-del-dia"],"_links":{"self":[{"href":"https:\/\/bambapolitica.com.mx\/index.php\/wp-json\/wp\/v2\/posts\/67056","targetHints":{"allow":["GET"]}}],"collection":[{"href":"https:\/\/bambapolitica.com.mx\/index.php\/wp-json\/wp\/v2\/posts"}],"about":[{"href":"https:\/\/bambapolitica.com.mx\/index.php\/wp-json\/wp\/v2\/types\/post"}],"author":[{"embeddable":true,"href":"https:\/\/bambapolitica.com.mx\/index.php\/wp-json\/wp\/v2\/users\/3"}],"replies":[{"embeddable":true,"href":"https:\/\/bambapolitica.com.mx\/index.php\/wp-json\/wp\/v2\/comments?post=67056"}],"version-history":[{"count":1,"href":"https:\/\/bambapolitica.com.mx\/index.php\/wp-json\/wp\/v2\/posts\/67056\/revisions"}],"predecessor-version":[{"id":67058,"href":"https:\/\/bambapolitica.com.mx\/index.php\/wp-json\/wp\/v2\/posts\/67056\/revisions\/67058"}],"wp:featuredmedia":[{"embeddable":true,"href":"https:\/\/bambapolitica.com.mx\/index.php\/wp-json\/wp\/v2\/media\/67057"}],"wp:attachment":[{"href":"https:\/\/bambapolitica.com.mx\/index.php\/wp-json\/wp\/v2\/media?parent=67056"}],"wp:term":[{"taxonomy":"category","embeddable":true,"href":"https:\/\/bambapolitica.com.mx\/index.php\/wp-json\/wp\/v2\/categories?post=67056"},{"taxonomy":"post_tag","embeddable":true,"href":"https:\/\/bambapolitica.com.mx\/index.php\/wp-json\/wp\/v2\/tags?post=67056"}],"curies":[{"name":"wp","href":"https:\/\/api.w.org\/{rel}","templated":true}]}}