{"id":67059,"date":"2024-01-09T10:08:31","date_gmt":"2024-01-09T16:08:31","guid":{"rendered":"https:\/\/bambapolitica.com.mx\/?p=67059"},"modified":"2024-01-09T10:08:40","modified_gmt":"2024-01-09T16:08:40","slug":"delfina-gomez-rechaza-vivir-en-casa-especial-para-gobernadora","status":"publish","type":"post","link":"https:\/\/bambapolitica.com.mx\/index.php\/2024\/01\/09\/delfina-gomez-rechaza-vivir-en-casa-especial-para-gobernadora\/","title":{"rendered":"Delfina G\u00f3mez rechaza vivir en casa especial para gobernadora"},"content":{"rendered":"\n<p>09 de Enero del 2024<\/p>\n\n\n\n<p>La gobernadora Delfina G\u00f3mez, originaria de Texcoco y donde tiene su vivienda, ahora vive en la capital mexiquense.<\/p>\n\n\n\n<p>El secretario General de Gobierno del Estado de M\u00e9xico, Horacio Duarte Olivares, inform\u00f3 que la Casa de Gobierno del Estado de M\u00e9xico no ser\u00e1 ocupada por la titular del Ejecutivo mexiquense, Delfina G\u00f3mez \u00c1lvarez, ya que fue ella misma la que decidi\u00f3 no hacerlo.<\/p>\n\n\n\n<p>\u201cHa decidido no ocupar esa instalaci\u00f3n. Se han valorado diferentes opciones, pero en su momento, cuando se defina qu\u00e9 se va hacer con esa instalaci\u00f3n, seguramente les vamos a informar\u201d, dijo en entrevista posterior a la Sesi\u00f3n Solemne del Proceso Electoral para la Elecci\u00f3n de Diputaciones Locales y Ayuntamientos 2024 realizada en el IEEM.<\/p>\n\n\n\n<p>Esta denominada Casa de Gobierno del Estado de M\u00e9xico\u201d se ubica sobre Jes\u00fas Carranza, en la colonia Cipr\u00e9s de la la ciudad de Toluca. Es lugar donde los gobernadores en turno han vivido junto con parte de su familia y, de acuerdo con una solicitud de informaci\u00f3n que fue publicada en el Sistema Nacional de Transparencia, desde el 16 de septiembre del 2017 a mayo del 2022, para mantener este recinto se hab\u00edan destinaron 3 millones 140 mil 686 pesos, por lo que Horacio Duarte se\u00f1al\u00f3 que analizar\u00e1n que destino tendr\u00e1 este sitio as\u00ed como otros bienes del Ejecutivo.<\/p>\n\n\n\n<p>\u201cQueremos que cualquier instalaci\u00f3n tenga un uso correcto\u201d, a\u00f1adi\u00f3.<br>Agreg\u00f3 que tanto \u00e9l como la gobernadora Delfina G\u00f3mez est\u00e1n viviendo en Toluca y dejaron sus respectiva residencias en Texcoco, de donde son originarios.<\/p>\n\n\n\n<p>\u201cNo va y viene a Texcoco (Delfina G\u00f3mez), est\u00e1 al igual que mucho de nosotros ya de planta aqu\u00ed en Toluca\u201d, coment\u00f3.<br>Con respecto a una casa de descanso del Ejecutivo mexiquense ubicada en Valle de Bravo, expuso que tiene conocimiento de que fue demolida y con relaci\u00f3n a otra propiedad del gobierno del Estado de M\u00e9xico que se encuentra en Ciudad de M\u00e9xico, \u00e9sta es una oficina y que es para que la gobernadora pueda atender ah\u00ed a la ciudadan\u00eda.<\/p>\n\n\n\n<p>\u201cPorque no olvidemos que el 70 por ciento de los habitantes del Estado de M\u00e9xico est\u00e1n en el Valle de M\u00e9xico\u201d, destac\u00f3.<br>Por \u00faltimo, refiri\u00f3 que los helic\u00f3pteros del gobierno del Estado de M\u00e9xico s\u00f3lo han sido utilizados para acciones de seguridad p\u00fablica, protecci\u00f3n civil y traslados para pacientes que est\u00e9n en calidad de urgencia, por lo que no est\u00e1n asignados para ning\u00fan secretario del gabinete, ni para la gobernadora Delfina G\u00f3mez.<\/p>\n\n\n\n<p>\u201cA partir del 16 de septiembre la gobernadora dio una instrucci\u00f3n, as\u00ed la hemos reafirmado nosotros que solo se usan para tres cosas\u201d, finaliz\u00f3.<\/p>\n","protected":false},"excerpt":{"rendered":"<p>09 de Enero del 2024 La gobernadora Delfina G\u00f3mez, originaria de Texcoco y donde tiene&#8230;<\/p>\n","protected":false},"author":3,"featured_media":67060,"comment_status":"closed","ping_status":"closed","sticky":false,"template":"","format":"standard","meta":{"footnotes":""},"categories":[4],"tags":[],"class_list":["post-67059","post","type-post","status-publish","format-standard","has-post-thumbnail","hentry","category-noticias-del-dia"],"_links":{"self":[{"href":"https:\/\/bambapolitica.com.mx\/index.php\/wp-json\/wp\/v2\/posts\/67059","targetHints":{"allow":["GET"]}}],"collection":[{"href":"https:\/\/bambapolitica.com.mx\/index.php\/wp-json\/wp\/v2\/posts"}],"about":[{"href":"https:\/\/bambapolitica.com.mx\/index.php\/wp-json\/wp\/v2\/types\/post"}],"author":[{"embeddable":true,"href":"https:\/\/bambapolitica.com.mx\/index.php\/wp-json\/wp\/v2\/users\/3"}],"replies":[{"embeddable":true,"href":"https:\/\/bambapolitica.com.mx\/index.php\/wp-json\/wp\/v2\/comments?post=67059"}],"version-history":[{"count":1,"href":"https:\/\/bambapolitica.com.mx\/index.php\/wp-json\/wp\/v2\/posts\/67059\/revisions"}],"predecessor-version":[{"id":67061,"href":"https:\/\/bambapolitica.com.mx\/index.php\/wp-json\/wp\/v2\/posts\/67059\/revisions\/67061"}],"wp:featuredmedia":[{"embeddable":true,"href":"https:\/\/bambapolitica.com.mx\/index.php\/wp-json\/wp\/v2\/media\/67060"}],"wp:attachment":[{"href":"https:\/\/bambapolitica.com.mx\/index.php\/wp-json\/wp\/v2\/media?parent=67059"}],"wp:term":[{"taxonomy":"category","embeddable":true,"href":"https:\/\/bambapolitica.com.mx\/index.php\/wp-json\/wp\/v2\/categories?post=67059"},{"taxonomy":"post_tag","embeddable":true,"href":"https:\/\/bambapolitica.com.mx\/index.php\/wp-json\/wp\/v2\/tags?post=67059"}],"curies":[{"name":"wp","href":"https:\/\/api.w.org\/{rel}","templated":true}]}}