{"id":67071,"date":"2024-01-09T12:04:01","date_gmt":"2024-01-09T18:04:01","guid":{"rendered":"https:\/\/bambapolitica.com.mx\/?p=67071"},"modified":"2024-01-09T12:04:03","modified_gmt":"2024-01-09T18:04:03","slug":"guardia-civil-de-tecamac-rescata-a-joven-secuestrado-tras-persecucion","status":"publish","type":"post","link":"https:\/\/bambapolitica.com.mx\/index.php\/2024\/01\/09\/guardia-civil-de-tecamac-rescata-a-joven-secuestrado-tras-persecucion\/","title":{"rendered":"Guardia Civil de Tec\u00e1mac rescata a joven secuestrado tras persecuci\u00f3n"},"content":{"rendered":"\n<p>09 de Enero del 2024<\/p>\n\n\n\n<p>La victima fue secuestrada de su propia casa por cinco falsos miembros de seguridad privada.<br>Elementos de la Guardia Civil de Tec\u00e1mac rescataron a un joven privado de su libertad tras persecuci\u00f3n en este municipio en el que cinco personas resultaron detenidas, de acuerdo con los reportes policiales.<\/p>\n\n\n\n<p>Tras una persecuci\u00f3n en las vialidades del municipio se logr\u00f3 la detenci\u00f3n de los cinco responsables que fueron dispuestos ante la fiscal\u00eda, mientras que el joven de 20 a\u00f1os fue regresado con su familia.<br>Seg\u00fan autoridades, el joven, cuya identidad se desconoce,&nbsp;fue sustra\u00eddo de su casa ubicada en la colonia Lomas de Tec\u00e1mac de manera violenta por cinco sujetos a bordo de un veh\u00edculo Chevrolet, tipo Beat, color blanco con franjas color naranjas a los costados con placas del estado de Chiapas.<\/p>\n\n\n\n<p>De manera inmediata la Guardia Civil implement\u00f3 el Operativo Cerco con el que logr\u00f3 ubicar el auto mencionado en Blvd. Ojo de Agua y Blvd. De Los Arcos donde una vez acorralado el coche subi\u00f3 al camell\u00f3n central de la avenida para huir, pero impact\u00f3 contra tres patrullas.<\/p>\n\n\n\n<p>Tras el choque, el conductor del veh\u00edculo sali\u00f3 e intent\u00f3 darse la fuga, pero fue detenido metros adelante mientras que sus c\u00f3mplices fueron arrestados en el lugar.<\/p>\n\n\n\n<p>Tras realizar la inspecci\u00f3n en el coche de los presuntos secuestradores, hallaron identificaciones con con el logotipo de la empresa de seguridad privada \u201cPad Lock\u201d en donde supuestamente trabajan los presuntos responsables del delito.<\/p>\n\n\n\n<p>Seg\u00fan autoridades, el joven, cuya identidad se desconoce,&nbsp;fue sustra\u00eddo de su casa ubicada en la colonia Lomas de Tec\u00e1mac de manera violenta por cinco sujetos a bordo de un veh\u00edculo Chevrolet, tipo Beat, color blanco con franjas color naranjas a los costados con placas del estado de Chiapas.<\/p>\n\n\n\n<p>De manera inmediata la Guardia Civil implement\u00f3 el Operativo Cerco con el que logr\u00f3 ubicar el auto mencionado en Blvd. Ojo de Agua y Blvd. De Los Arcos donde una vez acorralado el coche subi\u00f3 al camell\u00f3n central de la avenida para huir, pero impact\u00f3 contra tres patrullas.<\/p>\n\n\n\n<p>Tras el choque, el conductor del veh\u00edculo sali\u00f3 e intent\u00f3 darse la fuga, pero fue detenido metros adelante mientras que sus c\u00f3mplices fueron arrestados en el lugar.<\/p>\n\n\n\n<p>Tras realizar la inspecci\u00f3n en el coche de los presuntos secuestradores, hallaron identificaciones con con el logotipo de la empresa de seguridad privada \u201cPad Lock\u201d en donde supuestamente trabajan los presuntos responsables del delito.<br>https:\/\/www.milenio.com\/policia\/guardia-civil-tecamac-rescata-joven-secuestrado-persecucion<\/p>\n","protected":false},"excerpt":{"rendered":"<p>09 de Enero del 2024 La victima fue secuestrada de su propia casa por cinco&#8230;<\/p>\n","protected":false},"author":3,"featured_media":67072,"comment_status":"closed","ping_status":"closed","sticky":false,"template":"","format":"standard","meta":{"footnotes":""},"categories":[2],"tags":[],"class_list":["post-67071","post","type-post","status-publish","format-standard","has-post-thumbnail","hentry","category-policiaca"],"_links":{"self":[{"href":"https:\/\/bambapolitica.com.mx\/index.php\/wp-json\/wp\/v2\/posts\/67071","targetHints":{"allow":["GET"]}}],"collection":[{"href":"https:\/\/bambapolitica.com.mx\/index.php\/wp-json\/wp\/v2\/posts"}],"about":[{"href":"https:\/\/bambapolitica.com.mx\/index.php\/wp-json\/wp\/v2\/types\/post"}],"author":[{"embeddable":true,"href":"https:\/\/bambapolitica.com.mx\/index.php\/wp-json\/wp\/v2\/users\/3"}],"replies":[{"embeddable":true,"href":"https:\/\/bambapolitica.com.mx\/index.php\/wp-json\/wp\/v2\/comments?post=67071"}],"version-history":[{"count":1,"href":"https:\/\/bambapolitica.com.mx\/index.php\/wp-json\/wp\/v2\/posts\/67071\/revisions"}],"predecessor-version":[{"id":67073,"href":"https:\/\/bambapolitica.com.mx\/index.php\/wp-json\/wp\/v2\/posts\/67071\/revisions\/67073"}],"wp:featuredmedia":[{"embeddable":true,"href":"https:\/\/bambapolitica.com.mx\/index.php\/wp-json\/wp\/v2\/media\/67072"}],"wp:attachment":[{"href":"https:\/\/bambapolitica.com.mx\/index.php\/wp-json\/wp\/v2\/media?parent=67071"}],"wp:term":[{"taxonomy":"category","embeddable":true,"href":"https:\/\/bambapolitica.com.mx\/index.php\/wp-json\/wp\/v2\/categories?post=67071"},{"taxonomy":"post_tag","embeddable":true,"href":"https:\/\/bambapolitica.com.mx\/index.php\/wp-json\/wp\/v2\/tags?post=67071"}],"curies":[{"name":"wp","href":"https:\/\/api.w.org\/{rel}","templated":true}]}}