{"id":67074,"date":"2024-01-09T12:07:22","date_gmt":"2024-01-09T18:07:22","guid":{"rendered":"https:\/\/bambapolitica.com.mx\/?p=67074"},"modified":"2024-01-09T12:07:36","modified_gmt":"2024-01-09T18:07:36","slug":"ayuntamiento-de-petatlan-discrepa-de-fiscalia-de-guerrero-ataque-en-palenque-dejo-13-muertos-y-22-heridos","status":"publish","type":"post","link":"https:\/\/bambapolitica.com.mx\/index.php\/2024\/01\/09\/ayuntamiento-de-petatlan-discrepa-de-fiscalia-de-guerrero-ataque-en-palenque-dejo-13-muertos-y-22-heridos\/","title":{"rendered":"Ayuntamiento de Petatl\u00e1n discrepa de Fiscal\u00eda de Guerrero; Ataque en palenque dej\u00f3 13 muertos y 22 heridos"},"content":{"rendered":"\n<p>09 de Enero del 2024<\/p>\n\n\n\n<p>El Ayuntamiento de Petatl\u00e1n revel\u00f3 que el ataque en palenque del municipio dej\u00f3 un saldo de 13 personas asesinadas y 22 heridas<br>La s\u00edndica procuradora de Petatl\u00e1n, Bertha D\u00edaz Garz\u00f3n, revel\u00f3 en una conferencia de prensa el pasado lunes que el ataque armado ocurrido el 6 de enero en un palenque del municipio dej\u00f3 un saldo de 13 personas fallecidas y 22 heridas.<br>Estos datos contradicen la informaci\u00f3n inicial proporcionada por la Fiscal\u00eda General del Estado (FGE), que asegur\u00f3 que la cifra es de seis muertos y 13 heridos.<br>La funcionaria explic\u00f3 que asumi\u00f3 temporalmente la alcald\u00eda debido a la licencia del presidente municipal, Perfecto Javier Aguilar Silva, renunci\u00f3 al PRI y ahora busca una diputaci\u00f3n por Morena.<\/p>\n\n\n\n<p>Enfatiz\u00f3 que el hecho violento, ocurrido a las 20:20 horas del 6 de enero, no fue un enfrentamiento entre grupos criminales, como hab\u00eda afirmado la Fiscal\u00eda, sino un ataque directo de un grupo armado contra civiles desarmados en el palenque.<\/p>\n\n\n\n<p>D\u00edaz Garz\u00f3n remarc\u00f3 la falta de competencia del municipio en la investigaci\u00f3n de delitos federales y se\u00f1al\u00f3 que solo pueden compartir datos provenientes de fuentes oficiales. Inform\u00f3 que las autoridades de procuraci\u00f3n de justicia ya est\u00e1n llevando a cabo las investigaciones correspondientes desde las primeras horas del suceso, y la municipalidad coopera en la medida de sus competencias.<\/p>\n\n\n\n<p>La s\u00edndica expres\u00f3 su condena hacia los actos perpetrados y envi\u00f3 condolencias a los familiares de las v\u00edctimas, subrayando que estas personas \u201cnada tienen que ver con el conflicto entre grupos delincuenciales de la regi\u00f3n\u201d. Adem\u00e1s, solicit\u00f3 la intervenci\u00f3n urgente de las autoridades federales y estatales para garantizar la seguridad de la poblaci\u00f3n y restaurar la paz en el municipio.<\/p>\n\n\n\n<p>En respuesta a las m\u00faltiples solicitudes de informaci\u00f3n sobre las v\u00edctimas, D\u00edaz Garz\u00f3n proporcion\u00f3 los nombres de los fallecidos y heridos, recabados de hospitales, funerarias y familiares afectados. A continuaci\u00f3n, se presenta la lista de las personas afectadas por esta tr\u00e1gica situaci\u00f3n.<\/p>\n\n\n\n<p>Muertos:<\/p>\n\n\n\n<p>Saul Castillo Bello, 45 a\u00f1os, empleado.<br>Hilaria Barrera Navarrete, 43 a\u00f1os, mesera.<br>Bertoldo Mercado Valdovinos, 74 a\u00f1os, comerciante.<br>Gonzalo Tapia Rodr\u00edguez, transportista.<br>Gonzalo David Tapia Ortiz, 16 a\u00f1os, estudiante.<br>Sandra Luz Laurel Chavarr\u00eda, 49 a\u00f1os, ama de casa.<br>Gustavo Espino Galeana.<br>Jos\u00e9 Miguel Salome Rosales, 36 a\u00f1os.<br>Cristian Herrera Chavarr\u00eda, 16 a\u00f1os, estudiante.<br>Pascual Hern\u00e1ndez Zarco, 57 a\u00f1os, campesino.<br>Ren\u00e9 Mont\u00fafar G\u00f3mez.<br>Jonathan Galeana Rodr\u00edguez, 24 a\u00f1os, estudiante.<br>Julio Cesar Torres Urieta, comerciante.<\/p>\n\n\n\n<p>Heridos:<\/p>\n\n\n\n<p>Dulce Olivia Oca\u00f1a, 31 a\u00f1os, ama de casa.<br>Alberta Chavarr\u00eda Ram\u00edrez, 57 a\u00f1os, ama de casa.<br>Gilberto Herrera Villaf\u00e1bula, 36 a\u00f1os, jornalero.<br>Eduardo Castro Espino, 67 a\u00f1os, campesino.<br>Noel Vega, 43 a\u00f1os, empleado.<br>Rosa In\u00e9s Ram\u00edrez G\u00f3mez, 47 a\u00f1os, profesora.<br>L\u00e1zaro Torres Ch\u00e1vez, 70 a\u00f1os, empleado.<br>\u00c1ngel Emanuel Chavarr\u00eda Ram\u00edrez, 22 a\u00f1os, estudiante.<br>Timoteo Montufar Valencia, 60 a\u00f1os, empleado.<br>Juan Carlos L\u00f3pez, 37 a\u00f1os, empleado.<br>Jenny Yamileth Cabrera Monroy, 17 a\u00f1os, estudiante.<br>Jos\u00e9 Ruiz Valdovinos, 60 a\u00f1os, ganadero.<br>Jes\u00fas Orozco Z\u00fa\u00f1iga, 56 a\u00f1os, ganadero.<br>Apolinar Orozco \u00c1vila, 52 a\u00f1os, comerciante.<br>Valente Mart\u00ednez Real, 46 a\u00f1os, empleado.<br>Diego Fierro Mart\u00ednez, 16 a\u00f1os, estudiante.<br>P\u00e1nfilo Monge Solorio, 45 a\u00f1os, mec\u00e1nico.<br>Alejandro Suazo Guti\u00e9rrez, 55 a\u00f1os, carnicero.<br>Juan Manuel Rojas Cendejas, empleado.<br>Jos\u00e9 Antonio S\u00e1nchez Campos, 59 a\u00f1os, empleado.<br>Izam Orozco V\u00edctor, 34 a\u00f1os, empleado.<br>Juan Pineda L\u00f3pez, 58 a\u00f1os, empleado.<\/p>\n\n\n\n<p>La situaci\u00f3n sigue bajo investigaci\u00f3n, y las autoridades locales solicitan la colaboraci\u00f3n de las instancias correspondientes para esclarecer los hechos y garantizar la seguridad en la regi\u00f3n.<\/p>\n","protected":false},"excerpt":{"rendered":"<p>09 de Enero del 2024 El Ayuntamiento de Petatl\u00e1n revel\u00f3 que el ataque en palenque&#8230;<\/p>\n","protected":false},"author":3,"featured_media":67075,"comment_status":"closed","ping_status":"closed","sticky":false,"template":"","format":"standard","meta":{"footnotes":""},"categories":[2],"tags":[],"class_list":["post-67074","post","type-post","status-publish","format-standard","has-post-thumbnail","hentry","category-policiaca"],"_links":{"self":[{"href":"https:\/\/bambapolitica.com.mx\/index.php\/wp-json\/wp\/v2\/posts\/67074","targetHints":{"allow":["GET"]}}],"collection":[{"href":"https:\/\/bambapolitica.com.mx\/index.php\/wp-json\/wp\/v2\/posts"}],"about":[{"href":"https:\/\/bambapolitica.com.mx\/index.php\/wp-json\/wp\/v2\/types\/post"}],"author":[{"embeddable":true,"href":"https:\/\/bambapolitica.com.mx\/index.php\/wp-json\/wp\/v2\/users\/3"}],"replies":[{"embeddable":true,"href":"https:\/\/bambapolitica.com.mx\/index.php\/wp-json\/wp\/v2\/comments?post=67074"}],"version-history":[{"count":1,"href":"https:\/\/bambapolitica.com.mx\/index.php\/wp-json\/wp\/v2\/posts\/67074\/revisions"}],"predecessor-version":[{"id":67076,"href":"https:\/\/bambapolitica.com.mx\/index.php\/wp-json\/wp\/v2\/posts\/67074\/revisions\/67076"}],"wp:featuredmedia":[{"embeddable":true,"href":"https:\/\/bambapolitica.com.mx\/index.php\/wp-json\/wp\/v2\/media\/67075"}],"wp:attachment":[{"href":"https:\/\/bambapolitica.com.mx\/index.php\/wp-json\/wp\/v2\/media?parent=67074"}],"wp:term":[{"taxonomy":"category","embeddable":true,"href":"https:\/\/bambapolitica.com.mx\/index.php\/wp-json\/wp\/v2\/categories?post=67074"},{"taxonomy":"post_tag","embeddable":true,"href":"https:\/\/bambapolitica.com.mx\/index.php\/wp-json\/wp\/v2\/tags?post=67074"}],"curies":[{"name":"wp","href":"https:\/\/api.w.org\/{rel}","templated":true}]}}