{"id":67083,"date":"2024-01-09T12:18:33","date_gmt":"2024-01-09T18:18:33","guid":{"rendered":"https:\/\/bambapolitica.com.mx\/?p=67083"},"modified":"2024-01-09T12:18:39","modified_gmt":"2024-01-09T18:18:39","slug":"detienen-a-luis-antonio-n-hijo-de-el-marro-en-guanajuato","status":"publish","type":"post","link":"https:\/\/bambapolitica.com.mx\/index.php\/2024\/01\/09\/detienen-a-luis-antonio-n-hijo-de-el-marro-en-guanajuato\/","title":{"rendered":"Detienen a Luis Antonio \u2018N\u2019, hijo de \u2018El Marro\u2019, en Guanajuato"},"content":{"rendered":"\n<p>09 de Enero del 2024<\/p>\n\n\n\n<p>El hijo de \u2018El Marro\u2019 habr\u00eda sido detenido durante un recorrido de polic\u00edas estatales en la comunidad San Antonio de los Morales, municipio de Juventino Rosas<\/p>\n\n\n\n<p>La Fiscal\u00eda General del Estado de Guanajuato confirm\u00f3 la detenci\u00f3n de Luis Antonio \u2018N\u2019, hijo de Jos\u00e9 Antonio Y\u00e9pez al\u00edas \u2018El Marro\u2019, de acuerdo con informaci\u00f3n de Radio F\u00f3rmula.<\/p>\n\n\n\n<p>La detenci\u00f3n habr\u00eda ocurrido el domingo 7 de enero durante un recorrido de polic\u00edas estatales en un camino de la comunidad San Antonio de los Morales, del municipio de Juventino Rosas.<\/p>\n\n\n\n<p>\u2018El Marro\u2019 fundador y l\u00edder del C\u00e1rtel Santa Rosa de Lima fue detenido en agosto de 2020 en el estado de Guanajuato, producto de un operativo estatal en coordinaci\u00f3n con elementos federales.<br>El l\u00edder del C\u00e1rtel Santa Rosa de Lima tambi\u00e9n era buscado por la justicia federal por los delitos de robo de combustible y delincuencia organizada. Por lo que la Fiscal\u00eda General de la Rep\u00fablica (FGR) tambi\u00e9n logr\u00f3 que fuera vinculado a proceso por esos cr\u00edmenes.<\/p>\n\n\n\n<p>Actualmente se encuentra recluido en la prisi\u00f3n federal de m\u00e1xima seguridad del Altiplano -conocida tambi\u00e9n como penal de Almoloya-, a la espera de conocer su suerte.<\/p>\n\n\n\n<p>Desde el 2018, Guanajuato se ha posicionado como la entidad m\u00e1s violenta de M\u00e9xico, en gran parte producto de la disputa territorial entre grupos del crimen organizado.<\/p>\n","protected":false},"excerpt":{"rendered":"<p>09 de Enero del 2024 El hijo de \u2018El Marro\u2019 habr\u00eda sido detenido durante un&#8230;<\/p>\n","protected":false},"author":3,"featured_media":67084,"comment_status":"closed","ping_status":"closed","sticky":false,"template":"","format":"standard","meta":{"footnotes":""},"categories":[2],"tags":[],"class_list":["post-67083","post","type-post","status-publish","format-standard","has-post-thumbnail","hentry","category-policiaca"],"_links":{"self":[{"href":"https:\/\/bambapolitica.com.mx\/index.php\/wp-json\/wp\/v2\/posts\/67083","targetHints":{"allow":["GET"]}}],"collection":[{"href":"https:\/\/bambapolitica.com.mx\/index.php\/wp-json\/wp\/v2\/posts"}],"about":[{"href":"https:\/\/bambapolitica.com.mx\/index.php\/wp-json\/wp\/v2\/types\/post"}],"author":[{"embeddable":true,"href":"https:\/\/bambapolitica.com.mx\/index.php\/wp-json\/wp\/v2\/users\/3"}],"replies":[{"embeddable":true,"href":"https:\/\/bambapolitica.com.mx\/index.php\/wp-json\/wp\/v2\/comments?post=67083"}],"version-history":[{"count":1,"href":"https:\/\/bambapolitica.com.mx\/index.php\/wp-json\/wp\/v2\/posts\/67083\/revisions"}],"predecessor-version":[{"id":67085,"href":"https:\/\/bambapolitica.com.mx\/index.php\/wp-json\/wp\/v2\/posts\/67083\/revisions\/67085"}],"wp:featuredmedia":[{"embeddable":true,"href":"https:\/\/bambapolitica.com.mx\/index.php\/wp-json\/wp\/v2\/media\/67084"}],"wp:attachment":[{"href":"https:\/\/bambapolitica.com.mx\/index.php\/wp-json\/wp\/v2\/media?parent=67083"}],"wp:term":[{"taxonomy":"category","embeddable":true,"href":"https:\/\/bambapolitica.com.mx\/index.php\/wp-json\/wp\/v2\/categories?post=67083"},{"taxonomy":"post_tag","embeddable":true,"href":"https:\/\/bambapolitica.com.mx\/index.php\/wp-json\/wp\/v2\/tags?post=67083"}],"curies":[{"name":"wp","href":"https:\/\/api.w.org\/{rel}","templated":true}]}}