{"id":67086,"date":"2024-01-09T12:21:38","date_gmt":"2024-01-09T18:21:38","guid":{"rendered":"https:\/\/bambapolitica.com.mx\/?p=67086"},"modified":"2024-01-09T12:21:49","modified_gmt":"2024-01-09T18:21:49","slug":"trump-llega-a-juzgado-de-dc-para-defender-su-inmunidad-durante-el-asalto-al-capitolio","status":"publish","type":"post","link":"https:\/\/bambapolitica.com.mx\/index.php\/2024\/01\/09\/trump-llega-a-juzgado-de-dc-para-defender-su-inmunidad-durante-el-asalto-al-capitolio\/","title":{"rendered":"Trump llega a juzgado de DC para defender su inmunidad durante el asalto al Capitolio"},"content":{"rendered":"\n<p>09 de Enero del 2024<\/p>\n\n\n\n<p>Trump sostiene que como presidente de EE.UU. y comandante en jefe, ten\u00eda derecho a inmunidad durante el asalto al Capitolio en 2021<br>El expresidente estadounidense Donald Trump lleg\u00f3 al tribunal de Washington DC en el que sus abogados defender\u00e1n que el exmandatario estaba protegido por la inmunidad presidencial durante el asalto al Capitolio del 6 de enero de 2021.<\/p>\n\n\n\n<p>Trump ser\u00e1 un mero espectador durante la audiencia convocada en el tribunal federal de apelaciones, enmarcada en la causa penal en su contra por conspiraci\u00f3n para obstruir un procedimiento oficial por los hechos del asalto al Capitolio.<\/p>\n\n\n\n<p>El exmandatario anunci\u00f3 el lunes su intenci\u00f3n de viajar a Washington, algo que no era necesario ya que la audiencia es de car\u00e1cter t\u00e9cnico y Trump no tendr\u00e1 oportunidad de hablar<br>\u201cAsistir\u00e9 a los argumentos del Tribunal Federal de Apelaciones sobre la inmunidad presidencial en Washington DC. Por supuesto, como presidente de los Estados Unidos y comandante en jefe, ten\u00eda derecho a inmunidad\u201d, dijo el exmandatario republicano en un mensaje en redes sociales.<\/p>\n\n\n\n<p>Trump ingres\u00f3 al edificio judicial en una caravana motorizada poco antes de las 9:30 h local, fuera del alcance de las c\u00e1maras que esperaban al exmandatario.<\/p>\n\n\n\n<p>El caso sobre la inmunidad est\u00e1 ahora en la corte de apelaciones porque en diciembre la jueza que lleva el caso penal, Tanya Chutkan, rechaz\u00f3 archivar las peticiones de Trump para archivar el caso por inmunidad presidencial pero acord\u00f3 suspender el procedimiento mientras apela la decisi\u00f3n.<\/p>\n\n\n\n<p>Es probable que, una vez que la corte de apelaciones emita su fallo, alguna de las partes recurra nuevamente y el caso termine en el Tribunal Supremo de Estados Unidos.<\/p>\n\n\n\n<p>El expresidente busca as\u00ed evitar el juicio por el que est\u00e1 acusado de varios delitos -el m\u00e1s grave el de conspiraci\u00f3n para obstruir un procedimiento oficial- que podr\u00edan acarrearle un m\u00e1ximo de 55 a\u00f1os de c\u00e1rcel.<br>El inicio del juicio est\u00e1 previsto en un principio para el 4 de marzo de 2024 en la capital federal, coincidiendo de pleno con el proceso de elecciones primarias.<\/p>\n\n\n\n<p>El litigio sobre la inmunidad, sin embargo, puede convertirse a su vez en una estrategia dilatoria por parte del equipo legal del expresidente para retrasar esa fecha.<\/p>\n","protected":false},"excerpt":{"rendered":"<p>09 de Enero del 2024 Trump sostiene que como presidente de EE.UU. y comandante en&#8230;<\/p>\n","protected":false},"author":3,"featured_media":67087,"comment_status":"closed","ping_status":"closed","sticky":false,"template":"","format":"standard","meta":{"footnotes":""},"categories":[5],"tags":[],"class_list":["post-67086","post","type-post","status-publish","format-standard","has-post-thumbnail","hentry","category-internacional"],"_links":{"self":[{"href":"https:\/\/bambapolitica.com.mx\/index.php\/wp-json\/wp\/v2\/posts\/67086","targetHints":{"allow":["GET"]}}],"collection":[{"href":"https:\/\/bambapolitica.com.mx\/index.php\/wp-json\/wp\/v2\/posts"}],"about":[{"href":"https:\/\/bambapolitica.com.mx\/index.php\/wp-json\/wp\/v2\/types\/post"}],"author":[{"embeddable":true,"href":"https:\/\/bambapolitica.com.mx\/index.php\/wp-json\/wp\/v2\/users\/3"}],"replies":[{"embeddable":true,"href":"https:\/\/bambapolitica.com.mx\/index.php\/wp-json\/wp\/v2\/comments?post=67086"}],"version-history":[{"count":1,"href":"https:\/\/bambapolitica.com.mx\/index.php\/wp-json\/wp\/v2\/posts\/67086\/revisions"}],"predecessor-version":[{"id":67088,"href":"https:\/\/bambapolitica.com.mx\/index.php\/wp-json\/wp\/v2\/posts\/67086\/revisions\/67088"}],"wp:featuredmedia":[{"embeddable":true,"href":"https:\/\/bambapolitica.com.mx\/index.php\/wp-json\/wp\/v2\/media\/67087"}],"wp:attachment":[{"href":"https:\/\/bambapolitica.com.mx\/index.php\/wp-json\/wp\/v2\/media?parent=67086"}],"wp:term":[{"taxonomy":"category","embeddable":true,"href":"https:\/\/bambapolitica.com.mx\/index.php\/wp-json\/wp\/v2\/categories?post=67086"},{"taxonomy":"post_tag","embeddable":true,"href":"https:\/\/bambapolitica.com.mx\/index.php\/wp-json\/wp\/v2\/tags?post=67086"}],"curies":[{"name":"wp","href":"https:\/\/api.w.org\/{rel}","templated":true}]}}