{"id":67098,"date":"2024-01-09T12:35:10","date_gmt":"2024-01-09T18:35:10","guid":{"rendered":"https:\/\/bambapolitica.com.mx\/?p=67098"},"modified":"2024-01-09T12:35:12","modified_gmt":"2024-01-09T18:35:12","slug":"detienen-a-julio-cesar-chavez-jr-en-los-angeles","status":"publish","type":"post","link":"https:\/\/bambapolitica.com.mx\/index.php\/2024\/01\/09\/detienen-a-julio-cesar-chavez-jr-en-los-angeles\/","title":{"rendered":"Detienen a Julio C\u00e9sar Ch\u00e1vez Jr. en Los \u00c1ngeles"},"content":{"rendered":"\n<p>09 de Enero del 2024<\/p>\n\n\n\n<p>Julio C\u00e9sar Ch\u00e1vez indic\u00f3 que actualmente su equipo de abogados trabaja para resolver la situaci\u00f3n jur\u00eddica de su hijo<br>Julio C\u00e9sar Ch\u00e1vez Jr. fue detenido por la polic\u00eda de Los \u00c1ngeles acusado de posesi\u00f3n ilegal de un rifle, confirm\u00f3 su padre, Julio C\u00e9sar Ch\u00e1vez.<br>A trav\u00e9s de un comunicado, el exboxeador indic\u00f3 que actualmente su equipo de abogados trabaja para resolver la situaci\u00f3n jur\u00eddica de su hijo.<\/p>\n\n\n\n<p>\u201cLe pido a Dios que este sea el momento que impulse a mi hijo finalmente hacia una vida \u00fatil y feliz\u201d, explic\u00f3.<\/p>\n\n\n\n<p>Asegur\u00f3 que por temas legales no pod\u00eda dar m\u00e1s detalles sobre el caso pero agradeci\u00f3 a quienes se mantienen al pendiente de la situaci\u00f3n.<\/p>\n\n\n\n<p>Tras la detenci\u00f3n, Julio C\u00e9sar Ch\u00e1vez Jr. fue trasladado a la c\u00e1rcel de Valley en Van Nuys donde se dio a conocer que el arma que se le encontr\u00f3 era una pistola de la que es imposible rastrear su procedencia.<\/p>\n","protected":false},"excerpt":{"rendered":"<p>09 de Enero del 2024 Julio C\u00e9sar Ch\u00e1vez indic\u00f3 que actualmente su equipo de abogados&#8230;<\/p>\n","protected":false},"author":3,"featured_media":67099,"comment_status":"closed","ping_status":"closed","sticky":false,"template":"","format":"standard","meta":{"footnotes":""},"categories":[16],"tags":[],"class_list":["post-67098","post","type-post","status-publish","format-standard","has-post-thumbnail","hentry","category-deportes"],"_links":{"self":[{"href":"https:\/\/bambapolitica.com.mx\/index.php\/wp-json\/wp\/v2\/posts\/67098","targetHints":{"allow":["GET"]}}],"collection":[{"href":"https:\/\/bambapolitica.com.mx\/index.php\/wp-json\/wp\/v2\/posts"}],"about":[{"href":"https:\/\/bambapolitica.com.mx\/index.php\/wp-json\/wp\/v2\/types\/post"}],"author":[{"embeddable":true,"href":"https:\/\/bambapolitica.com.mx\/index.php\/wp-json\/wp\/v2\/users\/3"}],"replies":[{"embeddable":true,"href":"https:\/\/bambapolitica.com.mx\/index.php\/wp-json\/wp\/v2\/comments?post=67098"}],"version-history":[{"count":1,"href":"https:\/\/bambapolitica.com.mx\/index.php\/wp-json\/wp\/v2\/posts\/67098\/revisions"}],"predecessor-version":[{"id":67100,"href":"https:\/\/bambapolitica.com.mx\/index.php\/wp-json\/wp\/v2\/posts\/67098\/revisions\/67100"}],"wp:featuredmedia":[{"embeddable":true,"href":"https:\/\/bambapolitica.com.mx\/index.php\/wp-json\/wp\/v2\/media\/67099"}],"wp:attachment":[{"href":"https:\/\/bambapolitica.com.mx\/index.php\/wp-json\/wp\/v2\/media?parent=67098"}],"wp:term":[{"taxonomy":"category","embeddable":true,"href":"https:\/\/bambapolitica.com.mx\/index.php\/wp-json\/wp\/v2\/categories?post=67098"},{"taxonomy":"post_tag","embeddable":true,"href":"https:\/\/bambapolitica.com.mx\/index.php\/wp-json\/wp\/v2\/tags?post=67098"}],"curies":[{"name":"wp","href":"https:\/\/api.w.org\/{rel}","templated":true}]}}