{"id":67973,"date":"2024-02-12T10:24:33","date_gmt":"2024-02-12T16:24:33","guid":{"rendered":"https:\/\/bambapolitica.com.mx\/?p=67973"},"modified":"2024-02-12T10:24:37","modified_gmt":"2024-02-12T16:24:37","slug":"eleccion-del-2-de-junio-referendum-para-que-continue-la-transformacion-o-regresen-los-de-antes-amlo","status":"publish","type":"post","link":"https:\/\/bambapolitica.com.mx\/index.php\/2024\/02\/12\/eleccion-del-2-de-junio-referendum-para-que-continue-la-transformacion-o-regresen-los-de-antes-amlo\/","title":{"rendered":"Elecci\u00f3n del 2 de junio, refer\u00e9ndum para que contin\u00fae la transformaci\u00f3n o regresen los de antes: AMLO"},"content":{"rendered":"\n<p>FEBRERO 9, 2024<\/p>\n\n\n\n<p>L\u00f3pez Obrador recalc\u00f3 la importancia de la pr\u00f3xima elecci\u00f3n del 2 de junio, donde dej\u00f3 en claro que le tiene mucha confianza al pueblo<br>Andr\u00e9s Manuel L\u00f3pez Obrador, presidente de M\u00e9xico, dej\u00f3 en claro que la pr\u00f3xima elecci\u00f3n del domingo 2 de junio es un refer\u00e9ndum donde se decidir\u00e1 si el pueblo contin\u00faa con la Cuarta Transformaci\u00f3n o que \u201cregresen los de antes\u201d.<\/p>\n\n\n\n<p>Esta elecci\u00f3n pr\u00f3xima es un refer\u00e9ndum, un plebiscito: \u00bfQuieres que contin\u00fae la transformaci\u00f3n o quieres que regresen los de antes, los corruptos? Y entonces ah\u00ed empieza el debate\u201d, se\u00f1al\u00f3.<\/p>\n\n\n\n<p>En la conferencia matutina de Palacio Nacional, L\u00f3pez Obrador recalc\u00f3 la importancia de la pr\u00f3xima elecci\u00f3n federal, donde dej\u00f3 en claro que le tiene mucha confianza al pueblo.<\/p>\n\n\n\n<p>\u201cYo le tengo mucha confianza a la gente, al pueblo de M\u00e9xico, la verdad, la verdad es excepcional y ahora m\u00e1s porque se est\u00e1 empoderando, no solo por cuestiones de que est\u00e1 sintiendo que se le toma en cuenta y ellos deciden, y que son muy contentos, muy felices.Pero hay algo que los llena de orgullo a los mexicanos, su origen\u201d, se\u00f1al\u00f3.<\/p>\n\n\n\n<p>M\u00e9xico tendr\u00e1 las elecciones m\u00e1s grandes de su historia el pr\u00f3ximo 2 de junio, cuando m\u00e1s de 97 millones de personas est\u00e1n llamadas a renovar 20 mil 375 cargos federales, incluyendo la Presidencia de la Rep\u00fablica, los 500 esca\u00f1os de la C\u00e1mara de Diputados y los 128 del Senado, as\u00ed como nueve Gobiernos estatales.<\/p>\n\n\n\n<p>Unos 95 millones de mexicanos est\u00e1n llamados a sufragar en los pr\u00f3ximos comicios federales.<\/p>\n","protected":false},"excerpt":{"rendered":"<p>FEBRERO 9, 2024 L\u00f3pez Obrador recalc\u00f3 la importancia de la pr\u00f3xima elecci\u00f3n del 2 de&#8230;<\/p>\n","protected":false},"author":3,"featured_media":67974,"comment_status":"closed","ping_status":"closed","sticky":false,"template":"","format":"standard","meta":{"footnotes":""},"categories":[4],"tags":[],"class_list":["post-67973","post","type-post","status-publish","format-standard","has-post-thumbnail","hentry","category-noticias-del-dia"],"_links":{"self":[{"href":"https:\/\/bambapolitica.com.mx\/index.php\/wp-json\/wp\/v2\/posts\/67973","targetHints":{"allow":["GET"]}}],"collection":[{"href":"https:\/\/bambapolitica.com.mx\/index.php\/wp-json\/wp\/v2\/posts"}],"about":[{"href":"https:\/\/bambapolitica.com.mx\/index.php\/wp-json\/wp\/v2\/types\/post"}],"author":[{"embeddable":true,"href":"https:\/\/bambapolitica.com.mx\/index.php\/wp-json\/wp\/v2\/users\/3"}],"replies":[{"embeddable":true,"href":"https:\/\/bambapolitica.com.mx\/index.php\/wp-json\/wp\/v2\/comments?post=67973"}],"version-history":[{"count":1,"href":"https:\/\/bambapolitica.com.mx\/index.php\/wp-json\/wp\/v2\/posts\/67973\/revisions"}],"predecessor-version":[{"id":67975,"href":"https:\/\/bambapolitica.com.mx\/index.php\/wp-json\/wp\/v2\/posts\/67973\/revisions\/67975"}],"wp:featuredmedia":[{"embeddable":true,"href":"https:\/\/bambapolitica.com.mx\/index.php\/wp-json\/wp\/v2\/media\/67974"}],"wp:attachment":[{"href":"https:\/\/bambapolitica.com.mx\/index.php\/wp-json\/wp\/v2\/media?parent=67973"}],"wp:term":[{"taxonomy":"category","embeddable":true,"href":"https:\/\/bambapolitica.com.mx\/index.php\/wp-json\/wp\/v2\/categories?post=67973"},{"taxonomy":"post_tag","embeddable":true,"href":"https:\/\/bambapolitica.com.mx\/index.php\/wp-json\/wp\/v2\/tags?post=67973"}],"curies":[{"name":"wp","href":"https:\/\/api.w.org\/{rel}","templated":true}]}}