{"id":70530,"date":"2024-05-06T09:41:54","date_gmt":"2024-05-06T15:41:54","guid":{"rendered":"https:\/\/bambapolitica.com.mx\/?p=70530"},"modified":"2024-05-06T09:41:57","modified_gmt":"2024-05-06T15:41:57","slug":"xochitl-galvez-promete-rebasar-a-sheinbaum-en-esta-semana-morena-se-va-a-ir","status":"publish","type":"post","link":"https:\/\/bambapolitica.com.mx\/index.php\/2024\/05\/06\/xochitl-galvez-promete-rebasar-a-sheinbaum-en-esta-semana-morena-se-va-a-ir\/","title":{"rendered":"X\u00f3chitl G\u00e1lvez promete rebasar a Sheinbaum en esta semana: &#8220;\u00a1Morena se va a ir!&#8221;"},"content":{"rendered":"\n<p>06 de Mayo 2024<\/p>\n\n\n\n<p>En su mitin tambi\u00e9n se pronunci\u00f3 a &#8216;tumbar&#8217; la reforma a las afores, recientemente aprobada en el Congreso de la Uni\u00f3n.<\/p>\n\n\n\n<p>Durante su gira por Colima, X\u00f3chitl G\u00e1lvez, candidata a la Presidencia por la coalici\u00f3n Fuerza y Coraz\u00f3n por M\u00e9xico, prometi\u00f3 que en esta semana rebasar\u00e1 en n\u00famero a su contrincante, Claudia Sheinbaum.\u00a0<\/p>\n\n\n\n<p>En su mensaje ante simpatizantes y militantes del PAN, PRI y PRD, G\u00e1lvez Ruiz llam\u00f3 a los ciudadanos a votar sin miedo el domingo 2 de junio.\u00a0<\/p>\n\n\n\n<p>Adem\u00e1s, X\u00f3chitl G\u00e1lvez prometi\u00f3 que va a defender las casillas y los sufragios emitidos por el pueblo en la elecci\u00f3n m\u00e1s grande en la historia de M\u00e9xico.&nbsp;<\/p>\n\n\n\n<p>&#8220;\u00a1Vamos a ganar! No tengan duda, pero necesitamos que no tengan miedo. Va a haber amenazas, aqu\u00ed nadie va a tener miedo. \u00a1Yo no tengo miedo!&#8221;, dijo la candidata presidencial.&nbsp;<br>La abanderada de la oposici\u00f3n tambi\u00e9n dijo que aumentar\u00e1 sus n\u00fameros en las encuestas: &#8220;S\u00ed vamos a poder, ya empatamos en las encuestas y esta semana vamos a rebasar a (Claudia) Sheinbaum&#8221;.&nbsp;<\/p>\n\n\n\n<p>&#8220;Los necesito el 2 de junio \u00a1Morena se va a ir! \u00a1Vamos a construir un pa\u00eds unido, sin odio, sin divisi\u00f3n!\u201d, afirm\u00f3.<br>En su mitin tambi\u00e9n se pronunci\u00f3 a &#8216;tumbar&#8217; la reforma a las afores, recientemente aprobada en el Congreso de la Uni\u00f3n.&nbsp;<\/p>\n\n\n\n<p>\u201c\u00a1Vamos a defender las Afores! Estos se\u00f1ores se quieren robar el dinero de los de 70 a\u00f1os y m\u00e1s, muchos de ellos no saben que tienen ese dinero \u00bfSaben qu\u00e9? Nosotros vamos a buscar a sus familias para entregarlos, porque ese dinero le pertenece\u201d.\u00a0<\/p>\n","protected":false},"excerpt":{"rendered":"<p>06 de Mayo 2024 En su mitin tambi\u00e9n se pronunci\u00f3 a &#8216;tumbar&#8217; la reforma a&#8230;<\/p>\n","protected":false},"author":3,"featured_media":70533,"comment_status":"closed","ping_status":"closed","sticky":false,"template":"","format":"standard","meta":{"footnotes":""},"categories":[4],"tags":[],"class_list":["post-70530","post","type-post","status-publish","format-standard","has-post-thumbnail","hentry","category-noticias-del-dia"],"_links":{"self":[{"href":"https:\/\/bambapolitica.com.mx\/index.php\/wp-json\/wp\/v2\/posts\/70530","targetHints":{"allow":["GET"]}}],"collection":[{"href":"https:\/\/bambapolitica.com.mx\/index.php\/wp-json\/wp\/v2\/posts"}],"about":[{"href":"https:\/\/bambapolitica.com.mx\/index.php\/wp-json\/wp\/v2\/types\/post"}],"author":[{"embeddable":true,"href":"https:\/\/bambapolitica.com.mx\/index.php\/wp-json\/wp\/v2\/users\/3"}],"replies":[{"embeddable":true,"href":"https:\/\/bambapolitica.com.mx\/index.php\/wp-json\/wp\/v2\/comments?post=70530"}],"version-history":[{"count":1,"href":"https:\/\/bambapolitica.com.mx\/index.php\/wp-json\/wp\/v2\/posts\/70530\/revisions"}],"predecessor-version":[{"id":70534,"href":"https:\/\/bambapolitica.com.mx\/index.php\/wp-json\/wp\/v2\/posts\/70530\/revisions\/70534"}],"wp:featuredmedia":[{"embeddable":true,"href":"https:\/\/bambapolitica.com.mx\/index.php\/wp-json\/wp\/v2\/media\/70533"}],"wp:attachment":[{"href":"https:\/\/bambapolitica.com.mx\/index.php\/wp-json\/wp\/v2\/media?parent=70530"}],"wp:term":[{"taxonomy":"category","embeddable":true,"href":"https:\/\/bambapolitica.com.mx\/index.php\/wp-json\/wp\/v2\/categories?post=70530"},{"taxonomy":"post_tag","embeddable":true,"href":"https:\/\/bambapolitica.com.mx\/index.php\/wp-json\/wp\/v2\/tags?post=70530"}],"curies":[{"name":"wp","href":"https:\/\/api.w.org\/{rel}","templated":true}]}}