{"id":71503,"date":"2024-05-31T09:20:39","date_gmt":"2024-05-31T15:20:39","guid":{"rendered":"https:\/\/bambapolitica.com.mx\/?p=71503"},"modified":"2024-05-31T09:20:41","modified_gmt":"2024-05-31T15:20:41","slug":"buscan-meterme-a-la-carcel-en-vispera-de-la-eleccion-maynez-insiste-en-senalar-a-la-fiscalia-de-nl-en-plena-veda-electoral","status":"publish","type":"post","link":"https:\/\/bambapolitica.com.mx\/index.php\/2024\/05\/31\/buscan-meterme-a-la-carcel-en-vispera-de-la-eleccion-maynez-insiste-en-senalar-a-la-fiscalia-de-nl-en-plena-veda-electoral\/","title":{"rendered":"\u201cBuscan meterme a la c\u00e1rcel en v\u00edspera de la elecci\u00f3n\u201d: M\u00e1ynez insiste en se\u00f1alar a la Fiscal\u00eda de NL en plena veda electoral"},"content":{"rendered":"\n<p>31 de Mayo<\/p>\n\n\n\n<p>Desde el primer minuto del jueves 30 de mayo, inici\u00f3 la<a href=\"https:\/\/www.infobae.com\/mexico\/2024\/05\/30\/cuando-acaba-la-veda-electoral\/\" target=\"_blank\" rel=\"noreferrer noopener\"><strong>\u00a0veda electoral,<\/strong><\/a>\u00a0un periodo de silencio donde ni los partidos, candidatos o medios de comunicaci\u00f3n, podr\u00e1n abordar temas relacionados con la jornada electoral del pr\u00f3ximo 2 de junio. Si bien se sabe que el objetivo es evitar interferir en la decisi\u00f3n de los ciudadanos inscritos en el padr\u00f3n electoral, el candidato a la presidencia de la Rep\u00fablica,<strong>\u00a0Jorge \u00c1lvarez M\u00e1ynez<\/strong>, opt\u00f3 por ignorarlo y, con la difusi\u00f3n de un video en redes, arremeti\u00f3 en contra de un partido pol\u00edtico, el que dijo, act\u00faa a trav\u00e9s de la\u00a0<strong>Fiscal\u00eda de Nuevo Le\u00f3n<\/strong>.<\/p>\n\n\n\n<p>Cabe destacar que momentos antes de la difusi\u00f3n de material audiovisual, el presidenciable hab\u00eda publicado a trav\u00e9s de la red social X -antes Twitter-, un mensaje en el cual asegur\u00f3 que un partido de oposici\u00f3n pon\u00eda en marcha una<strong>\u00a0guerra sucia en su contra,<\/strong>\u00a0lo que le vali\u00f3 diversos comentarios, siendo varios de ellos los que le recordaron que el Instituto Nacional Electoral (<strong>INE<\/strong>) podr\u00eda actuar en su contra.<\/p>\n\n\n\n<p>La postura del presidenciable arranca con el se\u00f1alamiento respecto a que \u201cla vieja pol\u00edtica es capaz de todo\u201d, por lo que recuerda que la Fiscal\u00eda del Estado, que adem\u00e1s asegura que est\u00e1 controlada por el partido tricolor estatal, lo busca implicar por los hechos del pasado 22 de mayo en<strong>\u00a0San Pedro Garza Garc\u00eda<\/strong>, fecha en la que un\u00a0<strong>templete\u00a0<\/strong>colaps\u00f3 ocasionando la\u00a0<strong>muerte de un total de nueve personas.<\/strong><\/p>\n","protected":false},"excerpt":{"rendered":"<p>31 de Mayo Desde el primer minuto del jueves 30 de mayo, inici\u00f3 la\u00a0veda electoral,\u00a0un&#8230;<\/p>\n","protected":false},"author":3,"featured_media":71504,"comment_status":"closed","ping_status":"closed","sticky":false,"template":"","format":"standard","meta":{"footnotes":""},"categories":[4],"tags":[],"class_list":["post-71503","post","type-post","status-publish","format-standard","has-post-thumbnail","hentry","category-noticias-del-dia"],"_links":{"self":[{"href":"https:\/\/bambapolitica.com.mx\/index.php\/wp-json\/wp\/v2\/posts\/71503","targetHints":{"allow":["GET"]}}],"collection":[{"href":"https:\/\/bambapolitica.com.mx\/index.php\/wp-json\/wp\/v2\/posts"}],"about":[{"href":"https:\/\/bambapolitica.com.mx\/index.php\/wp-json\/wp\/v2\/types\/post"}],"author":[{"embeddable":true,"href":"https:\/\/bambapolitica.com.mx\/index.php\/wp-json\/wp\/v2\/users\/3"}],"replies":[{"embeddable":true,"href":"https:\/\/bambapolitica.com.mx\/index.php\/wp-json\/wp\/v2\/comments?post=71503"}],"version-history":[{"count":1,"href":"https:\/\/bambapolitica.com.mx\/index.php\/wp-json\/wp\/v2\/posts\/71503\/revisions"}],"predecessor-version":[{"id":71505,"href":"https:\/\/bambapolitica.com.mx\/index.php\/wp-json\/wp\/v2\/posts\/71503\/revisions\/71505"}],"wp:featuredmedia":[{"embeddable":true,"href":"https:\/\/bambapolitica.com.mx\/index.php\/wp-json\/wp\/v2\/media\/71504"}],"wp:attachment":[{"href":"https:\/\/bambapolitica.com.mx\/index.php\/wp-json\/wp\/v2\/media?parent=71503"}],"wp:term":[{"taxonomy":"category","embeddable":true,"href":"https:\/\/bambapolitica.com.mx\/index.php\/wp-json\/wp\/v2\/categories?post=71503"},{"taxonomy":"post_tag","embeddable":true,"href":"https:\/\/bambapolitica.com.mx\/index.php\/wp-json\/wp\/v2\/tags?post=71503"}],"curies":[{"name":"wp","href":"https:\/\/api.w.org\/{rel}","templated":true}]}}