{"id":72190,"date":"2024-06-22T09:48:32","date_gmt":"2024-06-22T15:48:32","guid":{"rendered":"https:\/\/bambapolitica.com.mx\/?p=72190"},"modified":"2024-06-22T09:48:36","modified_gmt":"2024-06-22T15:48:36","slug":"ambientalistas-culpan-a-cuitlahuac-de-represion-y-asesinato-de-dos-campesinos-en-totalco-alcalde-de-perote-se-deslinda","status":"publish","type":"post","link":"https:\/\/bambapolitica.com.mx\/index.php\/2024\/06\/22\/ambientalistas-culpan-a-cuitlahuac-de-represion-y-asesinato-de-dos-campesinos-en-totalco-alcalde-de-perote-se-deslinda\/","title":{"rendered":"AMBIENTALISTAS CULPAN A CUITL\u00c1HUAC DE REPRESI\u00d3N Y ASESINATO DE DOS CAMPESINOS EN TOTALCO; ALCALDE DE PEROTE SE DESLINDA"},"content":{"rendered":"\n<p>22 de Junio 2024<\/p>\n\n\n\n<p>Mientras el alcalde de Perote, Delfino Ortega Mart\u00ednez, se deslind\u00f3 de la represi\u00f3n violenta cometida contra los pobladores de Totalco que manten\u00edan bloqueada la carretera federal 140 y que deriv\u00f3 en dos personas muertas por arma de fuego y varios lesionados, organizaciones ambientalistas y campesinas responsabilizaron al gobernador Cuitl\u00e1huac Garc\u00eda Jim\u00e9nez del asesinato y desalojo de campesinos, as\u00ed como de solapar los abusos policiacos. Las organizaciones cuestionaron que el gobernador termina su gobierno como represor y c\u00f3mplice de abusos de trasnacionales. &#8220;Esta lamentable situaci\u00f3n se ha visto agravada por el silencio c\u00f3mplice del Gobernador del estado de Veracruz, quien ha demostrado una alarmante indiferencia ante la violencia ejercida por las corporaciones policiacas. Su falta de acci\u00f3n y respuesta efectiva solo reafirma su complicidad con los intereses corporativos, priorizando los beneficios de grandes empresas sobre los derechos y el bienestar de las comunidades campesinas&#8221;, acusaron. Explicaron que la brutal represi\u00f3n ejercida por el gobierno de Cuitl\u00e1huac Garc\u00eda contra los campesinos de Totalco, quienes se manifestaban pac\u00edficamente en defensa de su derecho al agua, deriv\u00f3 en varios heridos y la tr\u00e1gica muerte de dos campesinos. Las organizaciones hicieron responsable al Gobierno de Veracruz por todo el da\u00f1o infligido a los defensores del territorio en su lucha contra Granjas Caroll. Parad\u00f3jicamente, dijeron, Atanasio Garc\u00eda Dur\u00e1n, padre del actual gobernador, cuando fue diputado local del PRD hizo en\u00e9rgica condena al saqueo de recursos naturales y contaminaci\u00f3n de Granjas Carrol. \u201cAhora su v\u00e1stago pasar\u00e1 a la historia por todo lo contrario. Reiteramos nuestra solidaridad con los campesinos de Totalco en su leg\u00edtima lucha por el acceso justo al agua. Es imperativo que se tomen medidas inmediatas para garantizar la seguridad de los manifestantes y se establezcan mecanismos efectivos para proteger los derechos humanos y ambientales de todas las comunidades afectadas&#8221;, manifestaron. Las organizaciones advirtieron a Cuitl\u00e1huac Garc\u00eda que no le permitir\u00e1n que la violencia y la injusticia sigan siendo su respuesta ante demandas justas y pac\u00edficas. &#8220;Exigimos transparencia, rendici\u00f3n de cuentas y el cese inmediato de la represi\u00f3n contra quienes defienden el agua y la vida. \u00a1Justicia para Totalco \u00a1Alto a la represi\u00f3n en Veracruz!&#8221;, concluyeron. El pronunciamiento conjunto fue emitido por Ra\u00edces del Camell\u00f3n en Resistencia, Xalapa, Veracruz; Conexi\u00f3n Cultural Errante, A.C; La Asamblea Veracruzana de Iniciativas y Defensa Ambiental; Red de Resistencia y Rebeld\u00eda en Apoyo al CNI-CIG9 del Puerto de Veracruz; Colectivo La Voz del An\u00e1huac-Sexta en Rebeld\u00eda; Alianza internacional de Habitantes; Centro de Desarrollo Rural Quetzalc\u00f3atl AC; Colectiva Mujeres que Luchan; Colectiva M28; Colectiva MIXTLI; Juventud Comunista de M\u00e9xico &#8211; Adherente de la Sexta Declaraci\u00f3n de la Selva Lacandona y C\u00e9lula Ana Mar\u00eda Hern\u00e1ndez &#8211; Adherente de la Sexta Declaraci\u00f3n de la Selva Lacandona. Por su parte, el Ayuntamiento de Perote neg\u00f3 a trav\u00e9s de sus redes sociales, que el alcalde haya solicitado el apoyo de la Fuerza Civil y Guardia Nacional para desalojar a los manifestantes, se\u00f1alando que estas corporaciones son &#8220;entes ajenos al ayuntamiento&#8221;. De igual forma, la autoridad municipal neg\u00f3 la acusaci\u00f3n de que el alcalde haya adoptado una postura de defensa hacia Granjas Carroll en detrimento de los pobladores. M\u00e1s a\u00fan, el alcalde public\u00f3 que se present\u00f3 ante los pobladores el pasado 23 de mayo para dialogar, escuchar sus peticiones y tratar de encontrar una soluci\u00f3n pac\u00edfica. Ortega Mart\u00ednez expres\u00f3 su solidaridad a las familias afectadas por los hechos y llam\u00f3 a la calma y prudencia para que las diferencias se resuelvan mediante el di\u00e1logo y el entendimiento mutuo. El deslinde puso en foco de cuestionamiento al gobernador Cuitl\u00e1huac Garc\u00eda Jim\u00e9nez, a pesar de que este viernes el mandatario estatal prometi\u00f3 justicia tras el operativo violento que su administraci\u00f3n presuntamente orden\u00f3. Por su parte, como era de esperarse, la Secretar\u00eda de Gobierno \u2013a cargo de un tabasque\u00f1o- culp\u00f3 a los campesinos de aquella comunidad de agredir a los elementos policiacos, intentar linchar a dos oficiales y mantener cerrada una carretera sin permitir el di\u00e1logo.<\/p>\n","protected":false},"excerpt":{"rendered":"<p>22 de Junio 2024 Mientras el alcalde de Perote, Delfino Ortega Mart\u00ednez, se deslind\u00f3 de&#8230;<\/p>\n","protected":false},"author":3,"featured_media":72191,"comment_status":"closed","ping_status":"closed","sticky":false,"template":"","format":"standard","meta":{"footnotes":""},"categories":[4],"tags":[],"class_list":["post-72190","post","type-post","status-publish","format-standard","has-post-thumbnail","hentry","category-noticias-del-dia"],"_links":{"self":[{"href":"https:\/\/bambapolitica.com.mx\/index.php\/wp-json\/wp\/v2\/posts\/72190","targetHints":{"allow":["GET"]}}],"collection":[{"href":"https:\/\/bambapolitica.com.mx\/index.php\/wp-json\/wp\/v2\/posts"}],"about":[{"href":"https:\/\/bambapolitica.com.mx\/index.php\/wp-json\/wp\/v2\/types\/post"}],"author":[{"embeddable":true,"href":"https:\/\/bambapolitica.com.mx\/index.php\/wp-json\/wp\/v2\/users\/3"}],"replies":[{"embeddable":true,"href":"https:\/\/bambapolitica.com.mx\/index.php\/wp-json\/wp\/v2\/comments?post=72190"}],"version-history":[{"count":1,"href":"https:\/\/bambapolitica.com.mx\/index.php\/wp-json\/wp\/v2\/posts\/72190\/revisions"}],"predecessor-version":[{"id":72192,"href":"https:\/\/bambapolitica.com.mx\/index.php\/wp-json\/wp\/v2\/posts\/72190\/revisions\/72192"}],"wp:featuredmedia":[{"embeddable":true,"href":"https:\/\/bambapolitica.com.mx\/index.php\/wp-json\/wp\/v2\/media\/72191"}],"wp:attachment":[{"href":"https:\/\/bambapolitica.com.mx\/index.php\/wp-json\/wp\/v2\/media?parent=72190"}],"wp:term":[{"taxonomy":"category","embeddable":true,"href":"https:\/\/bambapolitica.com.mx\/index.php\/wp-json\/wp\/v2\/categories?post=72190"},{"taxonomy":"post_tag","embeddable":true,"href":"https:\/\/bambapolitica.com.mx\/index.php\/wp-json\/wp\/v2\/tags?post=72190"}],"curies":[{"name":"wp","href":"https:\/\/api.w.org\/{rel}","templated":true}]}}