{"id":75631,"date":"2024-09-05T07:40:34","date_gmt":"2024-09-05T13:40:34","guid":{"rendered":"https:\/\/bambapolitica.com.mx\/?p=75631"},"modified":"2024-09-05T07:40:43","modified_gmt":"2024-09-05T13:40:43","slug":"denuncian-que-obra-irregular-en-reserva-ecologica-de-banderilla-beneficia-propiedades-de-cuitlahuac-garcia-y-eleazar-guerrero","status":"publish","type":"post","link":"https:\/\/bambapolitica.com.mx\/index.php\/2024\/09\/05\/denuncian-que-obra-irregular-en-reserva-ecologica-de-banderilla-beneficia-propiedades-de-cuitlahuac-garcia-y-eleazar-guerrero\/","title":{"rendered":"Denuncian que obra irregular en reserva ecol\u00f3gica de Banderilla beneficia propiedades de Cuitl\u00e1huac Garc\u00eda y Eleazar Guerrero"},"content":{"rendered":"\n<p>5 de Septiembre 2024<\/p>\n\n\n\n<p>De acuerdo con los vecinos de la zona protegida de La Martinica, en el municipio de Banderilla, conurbado con Xalapa, la pavimentaci\u00f3n de una calle en esa \u00e1rea natural busca facilitar el acceso a propiedades pertenecientes al gobernador Cuitl\u00e1huac Garc\u00eda Jim\u00e9nez, a su primo Eleazar Guerrero P\u00e9rez, exsubsecretario de Egresos y actual diputado federal de Morena, y a otros altos funcionarios del gobierno del estado. Denunciaron que la urbanizaci\u00f3n podr\u00eda configurar un caso de corrupci\u00f3n, uso indebido del poder y da\u00f1o ambiental. Y es que, los colonos se\u00f1alaron que el proyecto pone en peligro el delicado ecosistema del bosque mes\u00f3filo, y se ha visto como un abuso de poder por parte del gobernador para su beneficio personal. A pesar de que la Secretar\u00eda de Medio Ambiente de Veracruz ha negado que la obra est\u00e9 dentro del \u00e1rea natural protegida, los activistas denunciaron que la intervenci\u00f3n ya ha tenido un impacto significativo. Se\u00f1alaron que la instalaci\u00f3n de tuber\u00edas de agua y drenaje, as\u00ed como la pavimentaci\u00f3n, han alterado el entorno y amenazan con desestabilizar el ecosistema. El caso ha generado indignaci\u00f3n, no solo por el da\u00f1o ambiental, sino tambi\u00e9n por la rapidez con la que se ha ejecutado la obra, con una inversi\u00f3n de 12 millones de pesos en recursos p\u00fablicos. Acusaron que mientras otras comunidades en Banderilla llevan a\u00f1os luchando por la introducci\u00f3n de servicios b\u00e1sicos, esta \u00e1rea, ligada a figuras pol\u00edticas del Gobierno de Cuitl\u00e1huac Garc\u00eda Jim\u00e9nez, recibe una atenci\u00f3n inmediata y privilegiada. La Martinica es un \u00e1rea natural protegida desde 2010, que fue dise\u00f1ada para el disfrute y conservaci\u00f3n de la naturaleza, espec\u00edficamente del bosque mes\u00f3filo. Sin embargo, la urbanizaci\u00f3n en curso amenaza con impactar negativamente este ecosistema. Al respecto, el secretario de Medio Ambiente, Juan Carlos Contreras Bautista, ha negado que la pavimentaci\u00f3n de la calle est\u00e9 dentro del \u00e1rea protegida. Seg\u00fan \u00e9l, se trata de una v\u00eda que ha existido durante m\u00e1s de 40 a\u00f1os y no afecta directamente la naturaleza. No obstante, los colonos y defensores del medio ambiente sostienen lo contrario, pues argumentan que la nueva urbanizaci\u00f3n y la introducci\u00f3n de servicios p\u00fablicos beneficiar\u00e1n \u00fanicamente a las figuras pol\u00edticas se\u00f1aladas y a sus familiares. La obra tiene un costo estimado de 12 millones de pesos, financiada a trav\u00e9s de recursos estatales de libre disposici\u00f3n. Los vecinos han expresado su frustraci\u00f3n, afirmando que esta \u00e1rea privilegiada recibe atenci\u00f3n inmediata y con fondos p\u00fablicos. As\u00ed las cosas.<\/p>\n\n\n\n<p><\/p>\n","protected":false},"excerpt":{"rendered":"<p>5 de Septiembre 2024 De acuerdo con los vecinos de la zona protegida de La&#8230;<\/p>\n","protected":false},"author":3,"featured_media":75632,"comment_status":"closed","ping_status":"closed","sticky":false,"template":"","format":"standard","meta":{"footnotes":""},"categories":[4],"tags":[],"class_list":["post-75631","post","type-post","status-publish","format-standard","has-post-thumbnail","hentry","category-noticias-del-dia"],"_links":{"self":[{"href":"https:\/\/bambapolitica.com.mx\/index.php\/wp-json\/wp\/v2\/posts\/75631","targetHints":{"allow":["GET"]}}],"collection":[{"href":"https:\/\/bambapolitica.com.mx\/index.php\/wp-json\/wp\/v2\/posts"}],"about":[{"href":"https:\/\/bambapolitica.com.mx\/index.php\/wp-json\/wp\/v2\/types\/post"}],"author":[{"embeddable":true,"href":"https:\/\/bambapolitica.com.mx\/index.php\/wp-json\/wp\/v2\/users\/3"}],"replies":[{"embeddable":true,"href":"https:\/\/bambapolitica.com.mx\/index.php\/wp-json\/wp\/v2\/comments?post=75631"}],"version-history":[{"count":1,"href":"https:\/\/bambapolitica.com.mx\/index.php\/wp-json\/wp\/v2\/posts\/75631\/revisions"}],"predecessor-version":[{"id":75633,"href":"https:\/\/bambapolitica.com.mx\/index.php\/wp-json\/wp\/v2\/posts\/75631\/revisions\/75633"}],"wp:featuredmedia":[{"embeddable":true,"href":"https:\/\/bambapolitica.com.mx\/index.php\/wp-json\/wp\/v2\/media\/75632"}],"wp:attachment":[{"href":"https:\/\/bambapolitica.com.mx\/index.php\/wp-json\/wp\/v2\/media?parent=75631"}],"wp:term":[{"taxonomy":"category","embeddable":true,"href":"https:\/\/bambapolitica.com.mx\/index.php\/wp-json\/wp\/v2\/categories?post=75631"},{"taxonomy":"post_tag","embeddable":true,"href":"https:\/\/bambapolitica.com.mx\/index.php\/wp-json\/wp\/v2\/tags?post=75631"}],"curies":[{"name":"wp","href":"https:\/\/api.w.org\/{rel}","templated":true}]}}