{"id":75637,"date":"2024-09-05T07:46:14","date_gmt":"2024-09-05T13:46:14","guid":{"rendered":"https:\/\/bambapolitica.com.mx\/?p=75637"},"modified":"2024-09-05T07:54:59","modified_gmt":"2024-09-05T13:54:59","slug":"agreden-a-magistrado-en-protesta-de-trabajadores-del-pjf-en-el-congreso-local-frente-civico-convoca-a-protesta-en-cdmx","status":"publish","type":"post","link":"https:\/\/bambapolitica.com.mx\/index.php\/2024\/09\/05\/agreden-a-magistrado-en-protesta-de-trabajadores-del-pjf-en-el-congreso-local-frente-civico-convoca-a-protesta-en-cdmx\/","title":{"rendered":"Agreden a magistrado en protesta de trabajadores del PJF en el Congreso local; Frente C\u00edvico convoca a protesta en CDMX ."},"content":{"rendered":"\n<p>5 de Septiembre 2024<\/p>\n\n\n\n<p>El Magistrado Jos\u00e9 Manuel de Alba, del circuito s\u00e9ptimo en el estado de Veracruz, fue agredido por personal de seguridad en la puerta de ingreso del Congreso del Estado durante una protesta de cientos de trabajadores del Poder Judicial de la Federaci\u00f3n, que ped\u00edan di\u00e1logo con los legisladores para exponer sus argumentos contra la Reforma aprobada este mi\u00e9rcoles en la C\u00e1mara de Diputados del Congreso de la Uni\u00f3n. Unas horas despu\u00e9s de que la reforma fue avalada en la C\u00e1mara de Diputados con 357 votos a favor y 130 en contra, y fue enviada al Senado, donde MORENA necesita un voto para alcanzar la mayor\u00eda calificada, cientos de trabajadores del Poder Judicial de la Federaci\u00f3n y ciudadanos realizaron una manifestaci\u00f3n frente al Congreso del Estado para expresar su rechazo a la reforma conocida como &#8220;Plan C&#8221;, que permitir\u00eda que jueces, magistrados y ministros sean electos por voto popular. Como parte de la protesta, los manifestantes bloquearon la avenida L\u00e1zaro C\u00e1rdenas para exigir ser escuchados y exigieron la realizaci\u00f3n de un parlamento abierto en el Congreso local, argumentando que, al tratarse de una reforma constitucional, debe contar con el respaldo de los congresos estatales y demandaron que en Veracruz no se d\u00e9 el visto bueno, pese a que la c\u00e1mara tiene mayor\u00eda morenista. En este contexto, el magistrado De Alba fue agredido con un golpe por uno de los integrantes de la seguridad del Congreso. Por otro lado, el Frente C\u00edvico Nacional (FCN) convoc\u00f3 a la ciudadan\u00eda en general a participar en un gran movimiento de resistencia que se realizar\u00e1 en la Ciudad de M\u00e9xico el pr\u00f3ximo 8 de septiembre, con una marcha desde el \u00c1ngel de la Independencia al Senado de la Rep\u00fablica, para rechazar la iniciativa de reforma al Poder Judicial de la Federaci\u00f3n. Lo anterior fue informado por Ignacio Gonz\u00e1lez y Juan Carlos Krause, representantes del FCN en Xalapa, quienes indicaron que esta organizaci\u00f3n, junto con otras agrupaciones de la sociedad civil, realizar\u00e1n esta movilizaci\u00f3n ante los afanes autoritarios que buscan destruir nuestra democracia. \u201cSe est\u00e1n planteando acciones permanentes de organizaci\u00f3n y rechazo a las visiones intolerantes y arbitrarias que se impulsan desde un poder ciego y sordo ante los reclamos sociales y las luchas de grupos que demandan reconocimiento y respeto de la pluralidad, las leyes y la democracia que tanto ha costado construir\u201d, asegur\u00f3 Ignacio Gonz\u00e1lez. Refiri\u00f3 que los alcances de las decisiones autoritarias del gobierno de Andr\u00e9s Manuel L\u00f3pez Obrador son la destrucci\u00f3n de nuestra democracia, la cual fue construida por mexicanos en un largo camino de a\u00f1os de esfuerzos y vidas, contra el modelo de partido casi \u00fanico, \u201cmodelo que cre\u00edmos derrotado y que ahora Morena reedita para imponerlo y perpetuarse en el poder\u201d. Por su parte, Juan Carlos Krause asegur\u00f3 que el objetivo es visibilizar a un sector importante de la sociedad civil, que no vot\u00f3 por la sobrerrepresentaci\u00f3n y que est\u00e1 en contra de esta reforma, que es una regresi\u00f3n pol\u00edtica, pero sobre todo que busca \u201ccolonizar el Estado Mexicano\u201d y tener el control de los tres poderes y mantenerse en el poder como lo hizo el viejo PRI en su momento.<\/p>\n","protected":false},"excerpt":{"rendered":"<p>5 de Septiembre 2024 El Magistrado Jos\u00e9 Manuel de Alba, del circuito s\u00e9ptimo en el&#8230;<\/p>\n","protected":false},"author":3,"featured_media":75638,"comment_status":"closed","ping_status":"closed","sticky":false,"template":"","format":"standard","meta":{"footnotes":""},"categories":[4],"tags":[],"class_list":["post-75637","post","type-post","status-publish","format-standard","has-post-thumbnail","hentry","category-noticias-del-dia"],"_links":{"self":[{"href":"https:\/\/bambapolitica.com.mx\/index.php\/wp-json\/wp\/v2\/posts\/75637","targetHints":{"allow":["GET"]}}],"collection":[{"href":"https:\/\/bambapolitica.com.mx\/index.php\/wp-json\/wp\/v2\/posts"}],"about":[{"href":"https:\/\/bambapolitica.com.mx\/index.php\/wp-json\/wp\/v2\/types\/post"}],"author":[{"embeddable":true,"href":"https:\/\/bambapolitica.com.mx\/index.php\/wp-json\/wp\/v2\/users\/3"}],"replies":[{"embeddable":true,"href":"https:\/\/bambapolitica.com.mx\/index.php\/wp-json\/wp\/v2\/comments?post=75637"}],"version-history":[{"count":1,"href":"https:\/\/bambapolitica.com.mx\/index.php\/wp-json\/wp\/v2\/posts\/75637\/revisions"}],"predecessor-version":[{"id":75639,"href":"https:\/\/bambapolitica.com.mx\/index.php\/wp-json\/wp\/v2\/posts\/75637\/revisions\/75639"}],"wp:featuredmedia":[{"embeddable":true,"href":"https:\/\/bambapolitica.com.mx\/index.php\/wp-json\/wp\/v2\/media\/75638"}],"wp:attachment":[{"href":"https:\/\/bambapolitica.com.mx\/index.php\/wp-json\/wp\/v2\/media?parent=75637"}],"wp:term":[{"taxonomy":"category","embeddable":true,"href":"https:\/\/bambapolitica.com.mx\/index.php\/wp-json\/wp\/v2\/categories?post=75637"},{"taxonomy":"post_tag","embeddable":true,"href":"https:\/\/bambapolitica.com.mx\/index.php\/wp-json\/wp\/v2\/tags?post=75637"}],"curies":[{"name":"wp","href":"https:\/\/api.w.org\/{rel}","templated":true}]}}