{"id":75976,"date":"2024-09-12T08:07:30","date_gmt":"2024-09-12T14:07:30","guid":{"rendered":"https:\/\/bambapolitica.com.mx\/?p=75976"},"modified":"2024-09-12T08:07:34","modified_gmt":"2024-09-12T14:07:34","slug":"ocde-mexico-con-la-segunda-tasa-mas-baja-de-desempleo","status":"publish","type":"post","link":"https:\/\/bambapolitica.com.mx\/index.php\/2024\/09\/12\/ocde-mexico-con-la-segunda-tasa-mas-baja-de-desempleo\/","title":{"rendered":"OCDE: M\u00e9xico, con la segunda tasa m\u00e1s baja de desempleo"},"content":{"rendered":"\n<p>12 de Septiembre 2024<\/p>\n\n\n\n<p>M\u00e9xico report\u00f3 la segunda tasa de desocupaci\u00f3n laboral m\u00e1s baja entre las naciones que integran la Organizaci\u00f3n para la Cooperaci\u00f3n y el Desarrollo Econ\u00f3micos (OCDE), que re\u00fane a las mayores econom\u00edas del mundo. El pa\u00eds s\u00f3lo se ubic\u00f3 por detr\u00e1s de Corea del Sur, seg\u00fan un reporte del organismo divulgado ayer.<\/p>\n\n\n\n<p>La informaci\u00f3n compilada por la OCDE da cuenta de la poblaci\u00f3n que se encuentra desocupada respecto del total de la fuerza laboral de cada pa\u00eds y, de acuerdo con el m\u00e9todo que emplea el organismo, para aquellos que est\u00e1n ocupados no establece diferencia por tipo de empleo, ya sea formal o informal.<\/p>\n\n\n\n<p>La tasa de desempleo en M\u00e9xico se ubic\u00f3 en 2.7 por ciento de la fuerza laboral, nivel similar al de Rep\u00fablica Checa y Jap\u00f3n, y ligeramente mayor al 2.5 por ciento de Corea del Sur, detall\u00f3 la OCDE en su informaci\u00f3n, que contiene datos actualizados a julio para cada pa\u00eds integrante del organismo.<\/p>\n\n\n\n<p>La tasa de desocupaci\u00f3n m\u00e1s alta, y la \u00fanica de doble d\u00edgito, la report\u00f3 Espa\u00f1a, con 11.5 por ciento de la poblaci\u00f3n ocupada en desempleo, seg\u00fan el informe.<\/p>\n\n\n\n<p>El nivel de desempleo que present\u00f3 M\u00e9xico en julio es similar a los de abril y mayo y menor al reportado para 2022 y 2023, cuando fue de 3.3 y 2.8 por ciento, respectivamente.<\/p>\n\n\n\n<p>Tambi\u00e9n fue menor al 2.8 por ciento de junio de 2024.<\/p>\n\n\n\n<p>La tasa promedio de desocupaci\u00f3n para el conjunto de pa\u00edses de la OCDE fue de 5 por ciento, pr\u00e1cticamente el doble de la reportada para M\u00e9xico, agreg\u00f3 el reporte.<\/p>\n\n\n\n<p>Los pa\u00edses que presentaron las tasas m\u00e1s elevadas de desocupaci\u00f3n, despu\u00e9s de Espa\u00f1a, fueron Grecia, Colombia y Turqu\u00eda, con 9.9, 9.8 y 8 por ciento, respectivamente.<\/p>\n\n\n\n<p>En cambio, las de Estados Unidos y Canad\u00e1, pa\u00edses integrantes de la zona comercial de Am\u00e9rica del Norte, fueron de 4.3 y 6.4 por ciento en forma respectiva, tambi\u00e9n arriba de las reportadas para M\u00e9xico, de acuerdo con el documento.<\/p>\n\n\n\n<p>La tasa de desempleo de la OCDE permaneci\u00f3 pr\u00e1cticamente estable tanto para mujeres como para hombres, de 5.2 por ciento en el primer caso y de 4.9 por ciento en el segundo, y la desocupaci\u00f3n juvenil se mantuvo alta, igual o superior a 20 por ciento, en 10 pa\u00edses del organismo.<\/p>\n\n\n\n<p>Seg\u00fan la Encuesta Nacional de Ocupaci\u00f3n y Empleo, que genera en M\u00e9xico el Instituto Nacional de Estad\u00edstica y Geograf\u00eda (Inegi), en julio de 2024 la poblaci\u00f3n desocupada fue de 1.8 millones de personas y la tasa de desocupaci\u00f3n de 2.9 por ciento de la poblaci\u00f3n econ\u00f3micamente activa.<\/p>\n\n\n\n<p>Respecto a julio de 2023, la poblaci\u00f3n desocupada disminuy\u00f3 en 102 mil personas y la tasa de desocupaci\u00f3n fue menor en 0.2 puntos porcentuales.<\/p>\n\n\n\n<p>Por su parte, el Instituto Mexicano del Seguro Social (IMSS) inform\u00f3 a principios de este mes que hasta el 31 de agosto se ten\u00edan registrados en el pa\u00eds 22 millones 389 mil 835 puestos de trabajo, de los cuales 86.6 por ciento son permanentes y 13.4 por ciento eventuales.<\/p>\n\n\n\n<p>En lo que va del a\u00f1o, de acuerdo con el IMSS, se han creado 365 mil 449 fuentes de trabajo.<\/p>\n\n\n\n<p>Informalidad, el reto<\/p>\n\n\n\n<p>Alejandro Avil\u00e9s, presidente del Colegio de Abogados Laboralistas de la Ciudad de M\u00e9xico, expuso que ocupar la segunda posici\u00f3n por baja tasa de desempleo no significa que los mexicanos tengan un trabajo bien remunerado y con seguridad social y acceso a capacitaci\u00f3n.<\/p>\n\n\n\n<p><q>Los n\u00fameros que se presentan para M\u00e9xico hablan de personas que est\u00e1n ocupadas en alguna actividad, pero que no necesariamente tienen un trabajo digno<\/q>, mencion\u00f3.<\/p>\n\n\n\n<p>Seg\u00fan estad\u00edsticas del Inegi, m\u00e1s de 55 por ciento de la poblaci\u00f3n ocupada del pa\u00eds se encuentra en la econom\u00eda informal.<\/p>\n\n\n\n<p>Raymundo Tenorio, profesor em\u00e9rito del Instituto Tecnol\u00f3gico y de Estudios Superiores de Monterrey, se\u00f1al\u00f3 que para ofrecer empleos dignos se requiere un entorno legal que permita a las secretar\u00edas de Econom\u00eda y del Trabajo y Previsi\u00f3n Social autorizar contratos por horas laboradas, para que las cuotas pagadas a la seguridad social tambi\u00e9n sean por hora y no s\u00f3lo por d\u00eda, como sucede hasta ahora. Adem\u00e1s plantea echar a andar estrategias para incorporar a la formalidad a las micro, peque\u00f1as y medianas empresas.<\/p>\n","protected":false},"excerpt":{"rendered":"<p>12 de Septiembre 2024 M\u00e9xico report\u00f3 la segunda tasa de desocupaci\u00f3n laboral m\u00e1s baja entre&#8230;<\/p>\n","protected":false},"author":3,"featured_media":75977,"comment_status":"closed","ping_status":"closed","sticky":false,"template":"","format":"standard","meta":{"footnotes":""},"categories":[4],"tags":[],"class_list":["post-75976","post","type-post","status-publish","format-standard","has-post-thumbnail","hentry","category-noticias-del-dia"],"_links":{"self":[{"href":"https:\/\/bambapolitica.com.mx\/index.php\/wp-json\/wp\/v2\/posts\/75976","targetHints":{"allow":["GET"]}}],"collection":[{"href":"https:\/\/bambapolitica.com.mx\/index.php\/wp-json\/wp\/v2\/posts"}],"about":[{"href":"https:\/\/bambapolitica.com.mx\/index.php\/wp-json\/wp\/v2\/types\/post"}],"author":[{"embeddable":true,"href":"https:\/\/bambapolitica.com.mx\/index.php\/wp-json\/wp\/v2\/users\/3"}],"replies":[{"embeddable":true,"href":"https:\/\/bambapolitica.com.mx\/index.php\/wp-json\/wp\/v2\/comments?post=75976"}],"version-history":[{"count":1,"href":"https:\/\/bambapolitica.com.mx\/index.php\/wp-json\/wp\/v2\/posts\/75976\/revisions"}],"predecessor-version":[{"id":75978,"href":"https:\/\/bambapolitica.com.mx\/index.php\/wp-json\/wp\/v2\/posts\/75976\/revisions\/75978"}],"wp:featuredmedia":[{"embeddable":true,"href":"https:\/\/bambapolitica.com.mx\/index.php\/wp-json\/wp\/v2\/media\/75977"}],"wp:attachment":[{"href":"https:\/\/bambapolitica.com.mx\/index.php\/wp-json\/wp\/v2\/media?parent=75976"}],"wp:term":[{"taxonomy":"category","embeddable":true,"href":"https:\/\/bambapolitica.com.mx\/index.php\/wp-json\/wp\/v2\/categories?post=75976"},{"taxonomy":"post_tag","embeddable":true,"href":"https:\/\/bambapolitica.com.mx\/index.php\/wp-json\/wp\/v2\/tags?post=75976"}],"curies":[{"name":"wp","href":"https:\/\/api.w.org\/{rel}","templated":true}]}}